{"id":4345,"date":"2017-12-24T17:06:45","date_gmt":"2017-12-24T17:06:45","guid":{"rendered":"http:\/\/goiasemtempo.com.br\/home\/?p=4345"},"modified":"2017-12-24T17:06:45","modified_gmt":"2017-12-24T17:06:45","slug":"maduro-denuncia-sabotagem-contra-eleicoes-municipais-2","status":"publish","type":"post","link":"https:\/\/goiasemtempo.com.br\/home\/maduro-denuncia-sabotagem-contra-eleicoes-municipais-2\/","title":{"rendered":"Maduro denuncia sabotagem contra elei\u00e7\u00f5es municipais"},"content":{"rendered":"<p>O presidente da Venezuela, Nicol\u00e1s Maduro, acusou nesta segunda-feira os principais partidos da oposi\u00e7\u00e3o de boicotar as elei\u00e7\u00f5es municipais marcadas para dezembro, e amea\u00e7ou prender os que sabotarem o processo.<\/p>\n<p>Me declaro em batalha contra os que pretendem subverter e atacar o sistema eleitoral, disse Maduro durante encontro com os governadores eleitos no dia 15 de outubro.<\/p>\n<p>Maduro reagia ao an\u00fancio da A\u00e7\u00e3o Democr\u00e1tica, Primeiro Justi\u00e7a e Vontade Popular de n\u00e3o participar das municipais de dezembro.<\/p>\n<p>Os tr\u00eas partidos, que integram a coaliz\u00e3o Mesa da Unidade Democr\u00e1tica (MUD), afirmam que n\u00e3o h\u00e1 garantias porque o Conselho Nacional Eleitoral (CNE) est\u00e1 sob o controle do governo.<\/p>\n<p>Est\u00e3o convocando para sabotar o processo eleitoral (&#8230;). H\u00e1 muita vaga na pris\u00e3o para quem pretende incendiar a Venezuela, disse o presidente.<\/p>\n<p>O presidente denunciou a ofensiva criminosa para deslegitimar o sistema eleitoral com den\u00fancias de supostas fraudes durante a vota\u00e7\u00e3o de 15 de outubro. Quem faz este tipo de ataque deve pagar.<\/p>\n<p>Maduro citou diretamente Freddy Guevara, porta-voz da Vontade Popular, que disse que seu partido se dedicar\u00e1 a obter garantias para as presidenciais de 2018.<\/p>\n<p>Diz este filhote de Hitler que saem destas elei\u00e7\u00f5es porque est\u00e3o se preparando para as presidenciais. Quer dizer que as m\u00e1quinas do CNE s\u00e3o boas para as presidenciais mas n\u00e3o para as municipais?! A oposi\u00e7\u00e3o est\u00e1 caminhando para a autoaniquila\u00e7\u00e3o.<\/p>\n","protected":false},"excerpt":{"rendered":"<p>O presidente da Venezuela, Nicol\u00e1s Maduro, acusou nesta segunda-feira os principais partidos da oposi\u00e7\u00e3o de boicotar as elei\u00e7\u00f5es municipais marcadas para dezembro, e amea\u00e7ou prender os que sabotarem o processo. Me declaro em batalha contra os que pretendem subverter e atacar o sistema eleitoral, disse Maduro durante encontro com os governadores eleitos no dia 15 &hellip;<\/p>\n","protected":false},"author":2,"featured_media":1762,"comment_status":"open","ping_status":"open","sticky":false,"template":"","format":"standard","meta":{"footnotes":""},"categories":[4],"tags":[],"class_list":["post-4345","post","type-post","status-publish","format-standard","has-post-thumbnail","hentry","category-ultimas-noticias"],"_links":{"self":[{"href":"https:\/\/goiasemtempo.com.br\/home\/wp-json\/wp\/v2\/posts\/4345","targetHints":{"allow":["GET"]}}],"collection":[{"href":"https:\/\/goiasemtempo.com.br\/home\/wp-json\/wp\/v2\/posts"}],"about":[{"href":"https:\/\/goiasemtempo.com.br\/home\/wp-json\/wp\/v2\/types\/post"}],"author":[{"embeddable":true,"href":"https:\/\/goiasemtempo.com.br\/home\/wp-json\/wp\/v2\/users\/2"}],"replies":[{"embeddable":true,"href":"https:\/\/goiasemtempo.com.br\/home\/wp-json\/wp\/v2\/comments?post=4345"}],"version-history":[{"count":1,"href":"https:\/\/goiasemtempo.com.br\/home\/wp-json\/wp\/v2\/posts\/4345\/revisions"}],"predecessor-version":[{"id":4346,"href":"https:\/\/goiasemtempo.com.br\/home\/wp-json\/wp\/v2\/posts\/4345\/revisions\/4346"}],"wp:featuredmedia":[{"embeddable":true,"href":"https:\/\/goiasemtempo.com.br\/home\/wp-json\/wp\/v2\/media\/1762"}],"wp:attachment":[{"href":"https:\/\/goiasemtempo.com.br\/home\/wp-json\/wp\/v2\/media?parent=4345"}],"wp:term":[{"taxonomy":"category","embeddable":true,"href":"https:\/\/goiasemtempo.com.br\/home\/wp-json\/wp\/v2\/categories?post=4345"},{"taxonomy":"post_tag","embeddable":true,"href":"https:\/\/goiasemtempo.com.br\/home\/wp-json\/wp\/v2\/tags?post=4345"}],"curies":[{"name":"wp","href":"https:\/\/api.w.org\/{rel}","templated":true}]}}