{"id":43359,"date":"2018-12-29T02:03:49","date_gmt":"2018-12-29T02:03:49","guid":{"rendered":"http:\/\/goiasemtempo.com.br\/home\/?p=43359"},"modified":"2018-12-29T02:03:49","modified_gmt":"2018-12-29T02:03:49","slug":"crivella-proibe-fogos-com-barulho-no-rio-de-janeiro","status":"publish","type":"post","link":"https:\/\/goiasemtempo.com.br\/home\/crivella-proibe-fogos-com-barulho-no-rio-de-janeiro\/","title":{"rendered":"Crivella pro\u00edbe fogos com barulho no Rio de Janeiro"},"content":{"rendered":"<p>O prefeito Marcelo Crivella proibiu na noite desta sexta-feira, 28, a fabrica\u00e7\u00e3o e venda de fogos de artif\u00edcio que ultrapassem 85 decib\u00e9is. Quem descumprir a determina\u00e7\u00e3o, ter\u00e1 que arcar com o pagamento de uma multa no valor entre R$ 500, para pessoa f\u00edsica, e R$ 5 mil para jur\u00eddica.<\/p>\n<p>O decreto possui uma exce\u00e7\u00e3o: \u201ceventos com patroc\u00ednio do Poder P\u00fablico, quando a explos\u00e3o se der a partir do mar\u201d. Ou seja, a Prefeitura poder\u00e1 manter a estrutura j\u00e1 montada para a grande festa com fogos nos oito pontos da cidade.<\/p>\n<p>Quem comprou fogos para soltar de forma independente antes do veredito municipal n\u00e3o ser\u00e1 prejudicado. O dono do artefato dever\u00e1 comprovar atrav\u00e9s de nota fiscal e a compra n\u00e3o poder\u00e1 ultrapassar o per\u00edodo de seis meses.<\/p>\n<p>O decreto valida a lei 3268 de 2001. Nas justificativas, Crivella alega que levou em considera\u00e7\u00e3o orienta\u00e7\u00f5es m\u00e9dicas que s\u00e3o especialistas no assunto: \u201cque acreditam ser prejudicial \u00e0 sa\u00fade de pessoas e animais, inclusive com risco de perda auditiva irrevers\u00edvel, qualquer explos\u00e3o intensa desses artefatos acima do limite imposto\u201d.<\/p>\n<p>Segundo a Prefeitura,a Guarda Municipal n\u00e3o vai multar ou apreender os fogos neste r\u00e9veillon, mas apenas orientar as pessoas que usarem fogos de artif\u00edcio sob as novas regras.<\/p>\n<p>Quem ganha tamb\u00e9m s\u00e3o os bichinhos de estima\u00e7\u00e3o, especialmente os cachorros, que sofrem muito com o alto barulho dos fogos. O barulho no ouvido dos pets \u00e9 extremamente maior que no ouvido humano. Al\u00e9m do p\u00e2nico, muitos deles chegam a entrar em \u00f3bito.<\/p>\n<p>Com Ag\u00eancia de Not\u00edcias\/<\/p>\n","protected":false},"excerpt":{"rendered":"<p>O prefeito Marcelo Crivella proibiu na noite desta sexta-feira, 28, a fabrica\u00e7\u00e3o e venda de fogos de artif\u00edcio que ultrapassem 85 decib\u00e9is. Quem descumprir a determina\u00e7\u00e3o, ter\u00e1 que arcar com o pagamento de uma multa no valor entre R$ 500, para pessoa f\u00edsica, e R$ 5 mil para jur\u00eddica. O decreto possui uma exce\u00e7\u00e3o: \u201ceventos &hellip;<\/p>\n","protected":false},"author":3,"featured_media":43360,"comment_status":"open","ping_status":"open","sticky":false,"template":"","format":"standard","meta":{"_exactmetrics_skip_tracking":false,"_exactmetrics_sitenote_active":false,"_exactmetrics_sitenote_note":"","_exactmetrics_sitenote_category":0,"footnotes":""},"categories":[7],"tags":[],"_links":{"self":[{"href":"https:\/\/goiasemtempo.com.br\/home\/wp-json\/wp\/v2\/posts\/43359"}],"collection":[{"href":"https:\/\/goiasemtempo.com.br\/home\/wp-json\/wp\/v2\/posts"}],"about":[{"href":"https:\/\/goiasemtempo.com.br\/home\/wp-json\/wp\/v2\/types\/post"}],"author":[{"embeddable":true,"href":"https:\/\/goiasemtempo.com.br\/home\/wp-json\/wp\/v2\/users\/3"}],"replies":[{"embeddable":true,"href":"https:\/\/goiasemtempo.com.br\/home\/wp-json\/wp\/v2\/comments?post=43359"}],"version-history":[{"count":1,"href":"https:\/\/goiasemtempo.com.br\/home\/wp-json\/wp\/v2\/posts\/43359\/revisions"}],"predecessor-version":[{"id":43361,"href":"https:\/\/goiasemtempo.com.br\/home\/wp-json\/wp\/v2\/posts\/43359\/revisions\/43361"}],"wp:featuredmedia":[{"embeddable":true,"href":"https:\/\/goiasemtempo.com.br\/home\/wp-json\/wp\/v2\/media\/43360"}],"wp:attachment":[{"href":"https:\/\/goiasemtempo.com.br\/home\/wp-json\/wp\/v2\/media?parent=43359"}],"wp:term":[{"taxonomy":"category","embeddable":true,"href":"https:\/\/goiasemtempo.com.br\/home\/wp-json\/wp\/v2\/categories?post=43359"},{"taxonomy":"post_tag","embeddable":true,"href":"https:\/\/goiasemtempo.com.br\/home\/wp-json\/wp\/v2\/tags?post=43359"}],"curies":[{"name":"wp","href":"https:\/\/api.w.org\/{rel}","templated":true}]}}