{"id":43324,"date":"2018-12-29T00:06:13","date_gmt":"2018-12-29T00:06:13","guid":{"rendered":"http:\/\/goiasemtempo.com.br\/home\/?p=43324"},"modified":"2018-12-29T00:06:13","modified_gmt":"2018-12-29T00:06:13","slug":"bolsonaro-e-netanyahu-visitam-sinagoga-em-copacabana","status":"publish","type":"post","link":"https:\/\/goiasemtempo.com.br\/home\/bolsonaro-e-netanyahu-visitam-sinagoga-em-copacabana\/","title":{"rendered":"Bolsonaro e Netanyahu visitam sinagoga em Copacabana"},"content":{"rendered":"<p>O presidente eleito, Jair Bolsonaro, e o primeiro-ministro de Israel, Benjamin Netanyahu, visitaram na tarde de hoje (28) a sinagoga Kehilat Yaacov, em Copacabana, no Rio de Janeiro. Eles chegaram pouco depois das 17h, ap\u00f3s o\u00a0<a href=\"http:\/\/agenciabrasil.ebc.com.br\/politica\/noticia\/2018-12\/netanyahu-e-bolsonaro-se-reunem-no-rio-sob-forte-esquema-de-seguranca\" target=\"_blank\" rel=\"noopener\">almo\u00e7o e a reuni\u00e3o<\/a>que tiveram no Forte de Copacabana. Os dois vieram em comitivas separadas. Primeiro, chegou a de Netanyahu e, em seguida, a de Bolsonaro. O deputado federal Eduardo Bolsonaro (PSL-SP) veio na comitiva do pai.<\/p>\n<p>A Rua Capel\u00e3o \u00c1lvares da Silva, onde est\u00e1 localizada a sinagoga, foi interditada ao tr\u00e1fego. Em frente ao templo, foi colocada uma tenda de pl\u00e1stico branca onde foram direcionados os carros da comitiva para que o presidente eleito do Brasil, o primeiro-ministro de Israel e os integrantes das comitivas pudessem entrar sem serem vistos.<\/p>\n<p>O advogado e economista Boris Sender, um dos convidados da visita do primeiro-ministro de Israel e do presidente eleito \u00e0 Sinagoga Kehilat Yaacov, disse que o clima do encontro foi maravilhoso, de harmonia absoluta e de carinho rec\u00edproco. \u201cIsso \u00e9 muito bom para os dois pa\u00edses\u201d, disse.\u00a0Sender destacou que esta \u00e9 a primeira viagem de um primeiro-ministro de Israel ao Brasil e que os dois pa\u00edses t\u00eam muito a cooperar um com o outro. \u201cSomente agora \u00e9 que essa oportunidade se cristaliza em n\u00edvel governamental\u201d.<\/p>\n<p>O advogado disse que Netanyahu tem conhecimento agr\u00edcola que pode ajudar o governo brasileiro no desenvolvimento de programas neste setor. \u201cIsrael se ofereceu. Em contrapartida o Brasil,\u00a0que precisa dessa tecnologia, encontra em Israel um parceiro que estava meio esquecido ao longo da hist\u00f3ria. Agora \u00e9 uma oportunidade que foi dada aos dois e ao Brasil principalmente. Ficamos muito felizes com a vinda dos dois [\u00e0 sinagoga]\u201d.<\/p>\n<p>Durante a visita, o primeiro-ministro falou em hebraico e teve a tradu\u00e7\u00e3o para o idioma portugu\u00eas. Segundo Sender, n\u00e3o houve promessas de nenhuma das partes, mas as conversas foram como costuma ser entre judeus. \u201cN\u00e3o teve promessa. \u00c9 mais ou menos como se dizer no ano que vem a gente se encontra em Jerusal\u00e9m. Os judeus em qualquer parte em que estejam e em qualquer \u00e9poca sempre dizem assim: no pr\u00f3ximo ano em Jerusal\u00e9m. O t\u00e9rmino da reuni\u00e3o foi no ano que vem em Jerusal\u00e9m\u201d, completou.<\/p>\n<h2>Liturgia<\/h2>\n<p>Ainda conforme Sender, n\u00e3o houve cerim\u00f4nia lit\u00fargica no encontro, mas ao fim houve uma b\u00ean\u00e7\u00e3o chamada Bracha, quando se acende uma vela e se faz um brinde com um c\u00e1lice de vinho. Durante toda a visita, como \u00e9 costume entre os judeus e de visitantes quando est\u00e3o nas sinagogas, o presidente eleito usou uma kip\u00e1 na cabe\u00e7a, que \u00e9 um s\u00edmbolo de respeito a\u00a0Deus.<\/p>\n<p>O\u00a0<a href=\"http:\/\/agenciabrasil.ebc.com.br\/politica\/noticia\/2018-12\/netanyahu-e-bolsonaro-se-reunem-no-rio-sob-forte-esquema-de-seguranca\" target=\"_blank\" rel=\"noopener\">esquema ampliado de seguran\u00e7a<\/a>\u00a0visto pr\u00f3ximo ao Forte de Copacabana se repetiu ao redor da sinagoga. A opera\u00e7\u00e3o teve um sniper da Pol\u00edcia Civil no p\u00e1tio de um pr\u00e9dio em frente \u00e0 rua da sinagoga. Um grupo de seis agentes do Comando de Opera\u00e7\u00f5es T\u00e1ticas (COT), de elite da Pol\u00edcia Federal, veio de Bras\u00edlia para integrar o esquema de seguran\u00e7a. Tamb\u00e9m h\u00e1 uma ambul\u00e2ncia do Corpo de Bombeiros e um ve\u00edculo da Guarda Municipal.<br \/>\n<em>Mat\u00e9ria atualizada \u00e0s 20h19 para acr\u00e9scimo de informa\u00e7\u00f5es<\/em><\/p>\n","protected":false},"excerpt":{"rendered":"<p>O presidente eleito, Jair Bolsonaro, e o primeiro-ministro de Israel, Benjamin Netanyahu, visitaram na tarde de hoje (28) a sinagoga Kehilat Yaacov, em Copacabana, no Rio de Janeiro. Eles chegaram pouco depois das 17h, ap\u00f3s o\u00a0almo\u00e7o e a reuni\u00e3oque tiveram no Forte de Copacabana. Os dois vieram em comitivas separadas. Primeiro, chegou a de Netanyahu &hellip;<\/p>\n","protected":false},"author":3,"featured_media":43325,"comment_status":"open","ping_status":"open","sticky":false,"template":"","format":"standard","meta":{"_exactmetrics_skip_tracking":false,"_exactmetrics_sitenote_active":false,"_exactmetrics_sitenote_note":"","_exactmetrics_sitenote_category":0,"footnotes":""},"categories":[2],"tags":[],"_links":{"self":[{"href":"https:\/\/goiasemtempo.com.br\/home\/wp-json\/wp\/v2\/posts\/43324"}],"collection":[{"href":"https:\/\/goiasemtempo.com.br\/home\/wp-json\/wp\/v2\/posts"}],"about":[{"href":"https:\/\/goiasemtempo.com.br\/home\/wp-json\/wp\/v2\/types\/post"}],"author":[{"embeddable":true,"href":"https:\/\/goiasemtempo.com.br\/home\/wp-json\/wp\/v2\/users\/3"}],"replies":[{"embeddable":true,"href":"https:\/\/goiasemtempo.com.br\/home\/wp-json\/wp\/v2\/comments?post=43324"}],"version-history":[{"count":1,"href":"https:\/\/goiasemtempo.com.br\/home\/wp-json\/wp\/v2\/posts\/43324\/revisions"}],"predecessor-version":[{"id":43326,"href":"https:\/\/goiasemtempo.com.br\/home\/wp-json\/wp\/v2\/posts\/43324\/revisions\/43326"}],"wp:featuredmedia":[{"embeddable":true,"href":"https:\/\/goiasemtempo.com.br\/home\/wp-json\/wp\/v2\/media\/43325"}],"wp:attachment":[{"href":"https:\/\/goiasemtempo.com.br\/home\/wp-json\/wp\/v2\/media?parent=43324"}],"wp:term":[{"taxonomy":"category","embeddable":true,"href":"https:\/\/goiasemtempo.com.br\/home\/wp-json\/wp\/v2\/categories?post=43324"},{"taxonomy":"post_tag","embeddable":true,"href":"https:\/\/goiasemtempo.com.br\/home\/wp-json\/wp\/v2\/tags?post=43324"}],"curies":[{"name":"wp","href":"https:\/\/api.w.org\/{rel}","templated":true}]}}