{"id":4289,"date":"2017-12-24T16:47:16","date_gmt":"2017-12-24T16:47:16","guid":{"rendered":"http:\/\/goiasemtempo.com.br\/home\/?p=4289"},"modified":"2017-12-24T16:47:16","modified_gmt":"2017-12-24T16:47:16","slug":"nas-comemoracoes-dos-108-anos-de-itumbiara-marconi-destaca-a-pujanca-economica-da-cidade","status":"publish","type":"post","link":"https:\/\/goiasemtempo.com.br\/home\/nas-comemoracoes-dos-108-anos-de-itumbiara-marconi-destaca-a-pujanca-economica-da-cidade\/","title":{"rendered":"Nas comemora\u00e7\u00f5es dos 108 anos de Itumbiara, Marconi destaca a pujan\u00e7a econ\u00f4mica da cidade"},"content":{"rendered":"<p>marconi perillo itumbiaraO governador Marconi Perillo e o vice Jos\u00e9 Eliton se juntaram, na noite desta quarta-feira, dia 11, \u00e0 popula\u00e7\u00e3o de Itumbiara para comemorar os 108 anos de funda\u00e7\u00e3o da cidade, uma das locomotivas do Estado. Para marcar o anivers\u00e1rio, comemorado todo dia 12 de outubro, Marconi participou da inaugura\u00e7\u00e3o da Pra\u00e7a da Rep\u00fablica, que abriga a tradicional Catedral Santa Rita de C\u00e1ssia, depois de assistir \u00e0 missa celebrada pelo arcebispo diocesano dom Fernando Brochini, acompanhado do prefeito Jos\u00e9 Ant\u00f4nio e do deputado federal Jovair Arantes, entre outras autoridades.<\/p>\n<p>A celebra\u00e7\u00e3o lotou as depend\u00eancias da matriz de Santa Rita de C\u00e1ssia. Nela, Dom Fernando Brochini convidou o governador a conduzir a imagem de Nossa Senhora da Aparecida, a padroeira do Brasil, para o local onde est\u00e1 abrigada na igreja.<\/p>\n<p>A inaugura\u00e7\u00e3o da Pra\u00e7a da Rep\u00fablica foi realizada na pr\u00f3pria catedral, onde os fieis cantaram o tradicional parab\u00e9ns pra voc\u00ea, com direito a bolo alusivo aos 108 anos de anivers\u00e1rio da cidade. O prefeito, convidado a falar na inaugura\u00e7\u00e3o pelo arcebispo, agradeceu a presen\u00e7a do governador, a quem ele chamou de \u201cgrande benfeitor de Itumbiara, o governador que mais fez pela cidade\u201d.<\/p>\n<p>Dom Fernando franqueou a palavra para o governador, antes do encerramento da missa. Ao se dirigir aos fieis, Marconi afirmou que \u00e9 devoto de Nossa Senhora da Aparecida, lembrando que amanh\u00e3, 12 de outubro, o mundo inteiro celebra os 300 anos da apari\u00e7\u00e3o da m\u00e3e de Jesus a um grupo de pescadores.<\/p>\n<p>Ao final, Marconi destacou a import\u00e2ncia de Itumbiara no contexto do desenvolvimento econ\u00f4mico de Goi\u00e1s, ressaltando que se trata de uma das cidades mais bonitas do Brasil, \u201cmais acolhedora, hospitaleira e de um povo trabalhador\u201d. Falou tamb\u00e9m de sua alegria toda vez que visita a cidade, considerada por ele uma das mais organizadas e bem administradas de Goi\u00e1s. Em seguida, puxou uma sauda\u00e7\u00e3o: \u201cViva Nossa Senhora da Aparecida, viva Itumbiara\u201d.<\/p>\n<p>As autoridades, juntamente com o arcebispo e a plateia caminharam at\u00e9 o palco montado na Pra\u00e7a da Rep\u00fablica, especialmente para a inaugura\u00e7\u00e3o. Houve queima de fogos, seguida da qual Marconi anunciou a doa\u00e7\u00e3o de 90 instrumentos de som para estrutura\u00e7\u00e3o do n\u00facleo itumbiarense da Orquestra Jovem de Goi\u00e1s, que se apresentou em seguida, sob aplausos da popula\u00e7\u00e3o.<\/p>\n","protected":false},"excerpt":{"rendered":"<p>marconi perillo itumbiaraO governador Marconi Perillo e o vice Jos\u00e9 Eliton se juntaram, na noite desta quarta-feira, dia 11, \u00e0 popula\u00e7\u00e3o de Itumbiara para comemorar os 108 anos de funda\u00e7\u00e3o da cidade, uma das locomotivas do Estado. Para marcar o anivers\u00e1rio, comemorado todo dia 12 de outubro, Marconi participou da inaugura\u00e7\u00e3o da Pra\u00e7a da Rep\u00fablica, &hellip;<\/p>\n","protected":false},"author":2,"featured_media":1654,"comment_status":"open","ping_status":"open","sticky":false,"template":"","format":"standard","meta":{"footnotes":""},"categories":[4],"tags":[],"class_list":["post-4289","post","type-post","status-publish","format-standard","has-post-thumbnail","hentry","category-ultimas-noticias"],"_links":{"self":[{"href":"https:\/\/goiasemtempo.com.br\/home\/wp-json\/wp\/v2\/posts\/4289","targetHints":{"allow":["GET"]}}],"collection":[{"href":"https:\/\/goiasemtempo.com.br\/home\/wp-json\/wp\/v2\/posts"}],"about":[{"href":"https:\/\/goiasemtempo.com.br\/home\/wp-json\/wp\/v2\/types\/post"}],"author":[{"embeddable":true,"href":"https:\/\/goiasemtempo.com.br\/home\/wp-json\/wp\/v2\/users\/2"}],"replies":[{"embeddable":true,"href":"https:\/\/goiasemtempo.com.br\/home\/wp-json\/wp\/v2\/comments?post=4289"}],"version-history":[{"count":1,"href":"https:\/\/goiasemtempo.com.br\/home\/wp-json\/wp\/v2\/posts\/4289\/revisions"}],"predecessor-version":[{"id":4290,"href":"https:\/\/goiasemtempo.com.br\/home\/wp-json\/wp\/v2\/posts\/4289\/revisions\/4290"}],"wp:featuredmedia":[{"embeddable":true,"href":"https:\/\/goiasemtempo.com.br\/home\/wp-json\/wp\/v2\/media\/1654"}],"wp:attachment":[{"href":"https:\/\/goiasemtempo.com.br\/home\/wp-json\/wp\/v2\/media?parent=4289"}],"wp:term":[{"taxonomy":"category","embeddable":true,"href":"https:\/\/goiasemtempo.com.br\/home\/wp-json\/wp\/v2\/categories?post=4289"},{"taxonomy":"post_tag","embeddable":true,"href":"https:\/\/goiasemtempo.com.br\/home\/wp-json\/wp\/v2\/tags?post=4289"}],"curies":[{"name":"wp","href":"https:\/\/api.w.org\/{rel}","templated":true}]}}