{"id":42882,"date":"2018-12-11T15:10:28","date_gmt":"2018-12-11T15:10:28","guid":{"rendered":"http:\/\/goiasemtempo.com.br\/home\/?p=42882"},"modified":"2018-12-11T15:12:08","modified_gmt":"2018-12-11T15:12:08","slug":"preservcao-ambiental-do-pianco-causa-reacao-em-produtores-de-anapolis","status":"publish","type":"post","link":"https:\/\/goiasemtempo.com.br\/home\/preservcao-ambiental-do-pianco-causa-reacao-em-produtores-de-anapolis\/","title":{"rendered":"Preserva\u00e7\u00e3o ambiental do Pianc\u00f3 causa rea\u00e7\u00e3o em produtores  de An\u00e1polis"},"content":{"rendered":"<p>Produtores da regi\u00e3o do Ribeir\u00e3o Pianc\u00f3, de onde \u00e9 bombeada a \u00e1gua para o abastecimento de An\u00e1polis, est\u00e3o preocupados com a cria\u00e7\u00e3o no local de uma \u00c1rea de Preserva\u00e7\u00e3o Ambiental.<\/p>\n<p>Os sitiantes falaram em entrevista disseram sobre as restri\u00e7\u00f5es que ser\u00e3o criadas a partir da APA e entendem que eles ser\u00e3o prejudicados, pois ficar\u00e3o impossibilitados de usar espa\u00e7os onde cultivam suas lavouras. O propriet\u00e1rio Jos\u00e9 Mendes citou que, a implanta\u00e7\u00e3o da APA vai gerar desemprego na regi\u00e3o,e como exemplo, citou sua pr\u00f3pria necessidade de trabalhadores para o plantio, tratos culturais e manejo de planta\u00e7\u00f5es onde s\u00e3o colhidas entre quatro e cinco mil caixas mensais de banana.<\/p>\n<p>A produtora Maria Am\u00e9lia Mendes, que \u00e9 l\u00edder na regi\u00e3o do Pianc\u00f3, informou que os donos de s\u00edtios da regi\u00e3o est\u00e3o dispostos a resistir e impedir, na Justi\u00e7a, se poss\u00edvel, a \u00c1rea de Preserva\u00e7\u00e3o do Ribeir\u00e3o Pianc\u00f3. Um advogado ser\u00e1 contrato pela associa\u00e7\u00e3o dos produtores para os devidos questionamentos legais.<\/p>\n<p>Edi\u00e7\u00e3o: Marcus Vinicius Isaac<\/p>\n","protected":false},"excerpt":{"rendered":"<p>Produtores da regi\u00e3o do Ribeir\u00e3o Pianc\u00f3, de onde \u00e9 bombeada a \u00e1gua para o abastecimento de An\u00e1polis, est\u00e3o preocupados com a cria\u00e7\u00e3o no local de uma \u00c1rea de Preserva\u00e7\u00e3o Ambiental. Os sitiantes falaram em entrevista disseram sobre as restri\u00e7\u00f5es que ser\u00e3o criadas a partir da APA e entendem que eles ser\u00e3o prejudicados, pois ficar\u00e3o impossibilitados &hellip;<\/p>\n","protected":false},"author":3,"featured_media":42886,"comment_status":"open","ping_status":"open","sticky":false,"template":"","format":"standard","meta":{"footnotes":""},"categories":[19],"tags":[],"class_list":["post-42882","post","type-post","status-publish","format-standard","has-post-thumbnail","hentry","category-manchete"],"_links":{"self":[{"href":"https:\/\/goiasemtempo.com.br\/home\/wp-json\/wp\/v2\/posts\/42882","targetHints":{"allow":["GET"]}}],"collection":[{"href":"https:\/\/goiasemtempo.com.br\/home\/wp-json\/wp\/v2\/posts"}],"about":[{"href":"https:\/\/goiasemtempo.com.br\/home\/wp-json\/wp\/v2\/types\/post"}],"author":[{"embeddable":true,"href":"https:\/\/goiasemtempo.com.br\/home\/wp-json\/wp\/v2\/users\/3"}],"replies":[{"embeddable":true,"href":"https:\/\/goiasemtempo.com.br\/home\/wp-json\/wp\/v2\/comments?post=42882"}],"version-history":[{"count":2,"href":"https:\/\/goiasemtempo.com.br\/home\/wp-json\/wp\/v2\/posts\/42882\/revisions"}],"predecessor-version":[{"id":42885,"href":"https:\/\/goiasemtempo.com.br\/home\/wp-json\/wp\/v2\/posts\/42882\/revisions\/42885"}],"wp:featuredmedia":[{"embeddable":true,"href":"https:\/\/goiasemtempo.com.br\/home\/wp-json\/wp\/v2\/media\/42886"}],"wp:attachment":[{"href":"https:\/\/goiasemtempo.com.br\/home\/wp-json\/wp\/v2\/media?parent=42882"}],"wp:term":[{"taxonomy":"category","embeddable":true,"href":"https:\/\/goiasemtempo.com.br\/home\/wp-json\/wp\/v2\/categories?post=42882"},{"taxonomy":"post_tag","embeddable":true,"href":"https:\/\/goiasemtempo.com.br\/home\/wp-json\/wp\/v2\/tags?post=42882"}],"curies":[{"name":"wp","href":"https:\/\/api.w.org\/{rel}","templated":true}]}}