{"id":42789,"date":"2018-12-07T02:39:42","date_gmt":"2018-12-07T02:39:42","guid":{"rendered":"http:\/\/goiasemtempo.com.br\/home\/?p=42789"},"modified":"2018-12-07T02:39:42","modified_gmt":"2018-12-07T02:39:42","slug":"temer-diz-que-pegou-pais-no-seculo-20-e-entrega-no-seculo-21","status":"publish","type":"post","link":"https:\/\/goiasemtempo.com.br\/home\/temer-diz-que-pegou-pais-no-seculo-20-e-entrega-no-seculo-21\/","title":{"rendered":"Temer diz que pegou pa\u00eds no s\u00e9culo 20 e entrega no s\u00e9culo 21"},"content":{"rendered":"<p>O presidente da Rep\u00fablica, Michel Temer, disse hoje (6) que entregar\u00e1 o pa\u00eds no s\u00e9culo 21 ap\u00f3s encontr\u00e1-lo \u201cdesgastado e no s\u00e9culo 20\u201d, quando o assumiu, em 2016. Temer foi homenageado com a ins\u00edgnia da Ordem do M\u00e9rito Industrial S\u00e3o Paulo, no grau de Gr\u00e3-Cruz, pela Federa\u00e7\u00e3o das Ind\u00fastrias do Estado de S\u00e3o Paulo (Fiesp), em cerim\u00f4nia no in\u00edcio da noite, na capital paulista.<\/p>\n<p>\u201cFizemos um governo que come\u00e7a agora a ser reconhecido. Em dois anos e meio, um pouco mais, conseguimos produzir resultados ben\u00e9ficos ao pa\u00eds. Eu costumo dizer que, na verdade, n\u00f3s trouxemos o Brasil para s\u00e9culo 21. Eu o encontrei no s\u00e9culo 20, e desgastado\u201d, disse em seu discurso.<\/p>\n<div class=\"dnd-widget-wrapper context-cheio_8colunas type-image\">\n<div class=\"dnd-atom-rendered\"><img decoding=\"async\" src=\"http:\/\/imagens.ebc.com.br\/o9Urq47xXRQZ-qXcSucnadu0I8o=\/754x0\/smart\/http:\/\/agenciabrasil.ebc.com.br\/sites\/default\/files\/thumbnails\/image\/31269776227_91505dcdfb_o.jpg?itok=61TwUxw6\" alt=\"O presidente Michel Temer recebe do presidente da Fiesp, Paulo Skaf, a medalha da Ordem do M\u00c3\u00a9rito Industrial S\u00c3\u00a3o Paulo, no grau de Gr\u00c3\u00a3-Cruz, na capital paulista.\" \/><\/div>\n<\/div>\n<div>\n<p>O presidente ressaltou que, quando chegou \u00e0 presid\u00eancia, o Produto Interno Bruto (PIB) do pa\u00eds era negativo em 5,9% e que, ao final de 2017, o \u00edndice estava em 1% positivo. \u201cEm pouco tempo, caminhamos com o PIB em 6,9%\u201d, garantiu.<\/p>\n<p>Temer lembrou ainda que o pa\u00eds dever\u00e1 fechar o ano com d\u00e9ficit menor que o previsto. Segundo ele, o d\u00e9ficit em 2018 dever\u00e1 ficar em torno de R$ 125 bilh\u00f5es, ante uma previs\u00e3o de R$ 159 bilh\u00f5es. \u201cO que significa exa\u00e7\u00e3o do desempenho da administra\u00e7\u00e3o p\u00fablica e, naturalmente, compet\u00eancia da nossa equipe governativa\u201d.<\/p>\n<p>O presidente voltou a citar, como realiza\u00e7\u00f5es da sua gest\u00e3o, a aprova\u00e7\u00e3o do teto de gastos p\u00fablicos, a reforma trabalhista, a diminui\u00e7\u00e3o da infla\u00e7\u00e3o e a recupera\u00e7\u00e3o de empresas estatais como a Petrobras, o Banco do Brasil e os Correios. Temer ressaltou, no entanto, que suas a\u00e7\u00f5es n\u00e3o foram feitas buscando popularidade e que elas ser\u00e3o reconhecidas a partir de agora.<\/p>\n<p>\u201cEu acabei fazendo [as a\u00e7\u00f5es do governo] despreocupado com a popularidade. A popularidade \u00e9 uma coisa diferente do populismo. O populismo \u00e9 algo que voc\u00ea faz hoje para ser aplaudido hoje e ser vaiado amanh\u00e3. A popularidade \u00e9 algo que voc\u00ea faz hoje, tem obje\u00e7\u00f5es, observa\u00e7\u00f5es, mas \u00e9 aplaudido amanh\u00e3. O meu amanh\u00e3 est\u00e1 chegando\u201d, disse.<\/p>\n<p>Ag\u00eancia Brasil\u00a0<span class=\"newsLocation\">\u00a0S\u00e3o Paulo<\/span><\/p>\n<\/div>\n","protected":false},"excerpt":{"rendered":"<p>O presidente da Rep\u00fablica, Michel Temer, disse hoje (6) que entregar\u00e1 o pa\u00eds no s\u00e9culo 21 ap\u00f3s encontr\u00e1-lo \u201cdesgastado e no s\u00e9culo 20\u201d, quando o assumiu, em 2016. Temer foi homenageado com a ins\u00edgnia da Ordem do M\u00e9rito Industrial S\u00e3o Paulo, no grau de Gr\u00e3-Cruz, pela Federa\u00e7\u00e3o das Ind\u00fastrias do Estado de S\u00e3o Paulo (Fiesp), &hellip;<\/p>\n","protected":false},"author":3,"featured_media":42790,"comment_status":"open","ping_status":"open","sticky":false,"template":"","format":"standard","meta":{"_exactmetrics_skip_tracking":false,"_exactmetrics_sitenote_active":false,"_exactmetrics_sitenote_note":"","_exactmetrics_sitenote_category":0,"footnotes":""},"categories":[2],"tags":[],"_links":{"self":[{"href":"https:\/\/goiasemtempo.com.br\/home\/wp-json\/wp\/v2\/posts\/42789"}],"collection":[{"href":"https:\/\/goiasemtempo.com.br\/home\/wp-json\/wp\/v2\/posts"}],"about":[{"href":"https:\/\/goiasemtempo.com.br\/home\/wp-json\/wp\/v2\/types\/post"}],"author":[{"embeddable":true,"href":"https:\/\/goiasemtempo.com.br\/home\/wp-json\/wp\/v2\/users\/3"}],"replies":[{"embeddable":true,"href":"https:\/\/goiasemtempo.com.br\/home\/wp-json\/wp\/v2\/comments?post=42789"}],"version-history":[{"count":1,"href":"https:\/\/goiasemtempo.com.br\/home\/wp-json\/wp\/v2\/posts\/42789\/revisions"}],"predecessor-version":[{"id":42791,"href":"https:\/\/goiasemtempo.com.br\/home\/wp-json\/wp\/v2\/posts\/42789\/revisions\/42791"}],"wp:featuredmedia":[{"embeddable":true,"href":"https:\/\/goiasemtempo.com.br\/home\/wp-json\/wp\/v2\/media\/42790"}],"wp:attachment":[{"href":"https:\/\/goiasemtempo.com.br\/home\/wp-json\/wp\/v2\/media?parent=42789"}],"wp:term":[{"taxonomy":"category","embeddable":true,"href":"https:\/\/goiasemtempo.com.br\/home\/wp-json\/wp\/v2\/categories?post=42789"},{"taxonomy":"post_tag","embeddable":true,"href":"https:\/\/goiasemtempo.com.br\/home\/wp-json\/wp\/v2\/tags?post=42789"}],"curies":[{"name":"wp","href":"https:\/\/api.w.org\/{rel}","templated":true}]}}