{"id":42753,"date":"2018-12-05T01:04:05","date_gmt":"2018-12-05T01:04:05","guid":{"rendered":"http:\/\/goiasemtempo.com.br\/home\/?p=42753"},"modified":"2018-12-05T01:04:05","modified_gmt":"2018-12-05T01:04:05","slug":"paciente-se-casa-em-hospital-de-anapolis-me-sinto-plena","status":"publish","type":"post","link":"https:\/\/goiasemtempo.com.br\/home\/paciente-se-casa-em-hospital-de-anapolis-me-sinto-plena\/","title":{"rendered":"Paciente se casa em hospital de An\u00e1polis; &#8220;Me sinto plena &#8220;"},"content":{"rendered":"<p>Uma paciente diagnosticada com doen\u00e7a grave se casou neste s\u00e1bado (1\u00ba) no Hospital Evang\u00e9lico Goiano (HEG), em An\u00e1polis, a 55 quil\u00f4metros de Goi\u00e2nia. Segundo a noiva,\u00a0\u00c9lida Pereira Martins, de 40 anos, a decis\u00e3o de se casar com Alexandre Cavalcante Lins, de 35 anos, veio quando os m\u00e9dicos lhe disseram sobre uma interven\u00e7\u00e3o cir\u00fargica necess\u00e1ria para melhorar seu quadro. A funcion\u00e1ria p\u00fablica entrou em contato com o padre da igreja onde congrega e pediu para ele visit\u00e1-la no hospital.<\/p>\n<p>\u201cEu chamei o padre Renan Ribeiro da Nova alian\u00e7a e contei sobre todas as cirurgias que eu j\u00e1 tinha feito. Eu estava com medo de falecer com a cirurgia e disse que eu gostaria de me casar antes de realizar a nova cirurgia, ele organizou toda a parte burocr\u00e1tica junto \u00e0 igreja cat\u00f3lica para eu realizar meu sonho\u201d, conta.<\/p>\n<div id=\"attachment_155983\" class=\"wp-caption alignnone\"><img fetchpriority=\"high\" decoding=\"async\" class=\"size-full wp-image-155983\" src=\"https:\/\/www.emaisgoias.com.br\/wp-content\/uploads\/2018\/12\/47256617_1151908071645468_3237925782315597824_o.jpg\" alt=\"(Foto: Redes Sociais \/ Facebook)\" width=\"700\" height=\"465\" \/><\/p>\n<p class=\"wp-caption-text\">(Foto: Redes Sociais \/ Facebook)<\/p>\n<\/div>\n<p>Segundo a funcion\u00e1ria p\u00fablica, o casal est\u00e1 junto h\u00e1 sete anos e dois meses. No fim do m\u00eas passado ela decidiu enviar uma carta para a dire\u00e7\u00e3o da unidade de sa\u00fade pedindo a permiss\u00e3o para celebrarem o casamento nas instala\u00e7\u00f5es do hospital.<\/p>\n<p>\u201cDepois que eu enviei a carta pensei que seria negado por ser um hospital evang\u00e9lico e eu ser cat\u00f3lica. Eu realmente pensei que por sermos de religi\u00f5es diferentes, o pedido seria negado, mas eles [a dire\u00e7\u00e3o] permitiram. Eu sou muito grata a dire\u00e7\u00e3o do hospital e a equipe de enfermagem, todos foram muito carinhosos e atenciosos comigo\u201d, explica.<\/p>\n<div id=\"attachment_155984\" class=\"wp-caption alignnone\"><img decoding=\"async\" class=\"size-full wp-image-155984\" src=\"https:\/\/www.emaisgoias.com.br\/wp-content\/uploads\/2018\/12\/47447991_1151907361645539_4284472968613986304_o.jpg\" alt=\"(Foto: Redes Sociais \/ Facebook)\" width=\"700\" height=\"465\" \/><\/p>\n<p class=\"wp-caption-text\">(Foto: Redes Sociais \/ Facebook)<\/p>\n<\/div>\n<p>De acordo com \u00c9lida, o casamento foi realizado no audit\u00f3rio da unidade de sa\u00fade e reuniu pessoas que acompanham de perto a realidade do casal. A cerim\u00f4nia foi organizada por amigos e familiares dos noivos. Toda a decora\u00e7\u00e3o, buqu\u00ea, docinhos e salgados foram doados para a realiza\u00e7\u00e3o do matrim\u00f4nio.<\/p>\n<p>\u201cEu n\u00e3o poderia me casar fora do hospital, por que estou internada, mas a gente ganhou tudo! Foi lindo! Realmente perfeito! Eu sou muito grata a todos que nos ajudaram a realizar o nosso casamento\u201d, conta.<\/p>\n<p>Para a noiva, o casamento foi mais do que apenas a celebra\u00e7\u00e3o da uni\u00e3o do casal. \u201cNo momento da cerim\u00f4nia eu recebi do padre os cinco sacramentos que eu n\u00e3o tinha e, como cat\u00f3lica, eu sabia que j\u00e1 deveria ter recebido. Eu estava feliz porque eu estava tomando o corpo e sangue de cristo. Agora, eu sei que posso fazer a cirurgia com o cora\u00e7\u00e3o tranquilo. Me sinto plena e sei que estou preparada para a cirurgia\u201d, explica.<\/p>\n<p>Cheia de expectativas para o futuro, a funcion\u00e1ria p\u00fablica conta que assim que puder voltar para casa e receber a permiss\u00e3o dos m\u00e9dicos, ela quer engravidar.<\/p>\n<p>\u201cQuero ter um filho, para fazer companhia para minha filha. Uma casa precisa de pelo menos duas crian\u00e7as, n\u00e9?\u201d,declarou.<\/p>\n<p>\u00c9lida conta que\u00a0conheceu o noivo atrav\u00e9s de um primo e que tudo come\u00e7ou como uma amizade em comum no Facebook. A funcion\u00e1ria p\u00fablica conta que logo depois de come\u00e7arem a namorar o casal passou por um momento muito delicado.<\/p>\n<p>Alexandre havia descoberto recentemente ser pai. De acordo com a noiva, assim que conheceu Maria Tereza criou um grande carinho por ela e a recebeu como filha.<\/p>\n<p>&nbsp;<\/p>\n<p>De acordo com o\u00a0Hospital Evang\u00e9lico Goiano (HEG), \u00c9lida se prepara para uma cirurgia que pode ocorrer ainda esta semana. A interna\u00e7\u00e3o da paciente j\u00e1 dura dois meses e foi indicada pela equipe m\u00e9dica respons\u00e1vel por acompanhar o tratamento da mo\u00e7a por ela ter perdido muito peso por conta do seu quadro de sa\u00fade.<\/p>\n<p>Segundo a paciente, ela foi diagnosticada com Desnutri\u00e7\u00e3o Severa ap\u00f3s um longo per\u00edodo tendo v\u00f4mitos diariamente. Ap\u00f3s procurar um m\u00e9dico e realizar os exames, a mo\u00e7a recebeu o diagn\u00f3stico. \u00c9lida tinha\u00a0um ressecamento em parte de seu intestino o que impossibilitava a absor\u00e7\u00e3o dos nutrientes necess\u00e1rios. A interven\u00e7\u00e3o cir\u00fargica ser\u00e1 realizada devido ao tratamento atual \u2013 mudan\u00e7a na alimenta\u00e7\u00e3o e uso de medicamentos \u2013 n\u00e3o ter surtido os efeitos necess\u00e1rios.<\/p>\n<p>\u00c9lida j\u00e1 sofre com a doen\u00e7a a cerca de tr\u00eas anos e diariamente passa por transtornos como v\u00f4mitos, dores e fraqueza. A cirurgia era para ser realizado entre os dias 3 e 5 de dezembro, mas o m\u00e9dico verificou que a mo\u00e7a ainda n\u00e3o havia recuperado peso suficiente (50 quilos) para lev\u00e1-la para o centro cir\u00fargico. Para dar in\u00edcio ao procedimento, a mo\u00e7a deve alcan\u00e7ar o peso ideal, logo a cirurgia n\u00e3o tem previs\u00e3o de ser realizada.<\/p>\n<p>Por: Thaynara Cunha\/Mais Goi\u00e1s<\/p>\n","protected":false},"excerpt":{"rendered":"<p>Uma paciente diagnosticada com doen\u00e7a grave se casou neste s\u00e1bado (1\u00ba) no Hospital Evang\u00e9lico Goiano (HEG), em An\u00e1polis, a 55 quil\u00f4metros de Goi\u00e2nia. Segundo a noiva,\u00a0\u00c9lida Pereira Martins, de 40 anos, a decis\u00e3o de se casar com Alexandre Cavalcante Lins, de 35 anos, veio quando os m\u00e9dicos lhe disseram sobre uma interven\u00e7\u00e3o cir\u00fargica necess\u00e1ria para &hellip;<\/p>\n","protected":false},"author":3,"featured_media":42754,"comment_status":"open","ping_status":"open","sticky":false,"template":"","format":"standard","meta":{"_exactmetrics_skip_tracking":false,"_exactmetrics_sitenote_active":false,"_exactmetrics_sitenote_note":"","_exactmetrics_sitenote_category":0,"footnotes":""},"categories":[18],"tags":[],"_links":{"self":[{"href":"https:\/\/goiasemtempo.com.br\/home\/wp-json\/wp\/v2\/posts\/42753"}],"collection":[{"href":"https:\/\/goiasemtempo.com.br\/home\/wp-json\/wp\/v2\/posts"}],"about":[{"href":"https:\/\/goiasemtempo.com.br\/home\/wp-json\/wp\/v2\/types\/post"}],"author":[{"embeddable":true,"href":"https:\/\/goiasemtempo.com.br\/home\/wp-json\/wp\/v2\/users\/3"}],"replies":[{"embeddable":true,"href":"https:\/\/goiasemtempo.com.br\/home\/wp-json\/wp\/v2\/comments?post=42753"}],"version-history":[{"count":1,"href":"https:\/\/goiasemtempo.com.br\/home\/wp-json\/wp\/v2\/posts\/42753\/revisions"}],"predecessor-version":[{"id":42755,"href":"https:\/\/goiasemtempo.com.br\/home\/wp-json\/wp\/v2\/posts\/42753\/revisions\/42755"}],"wp:featuredmedia":[{"embeddable":true,"href":"https:\/\/goiasemtempo.com.br\/home\/wp-json\/wp\/v2\/media\/42754"}],"wp:attachment":[{"href":"https:\/\/goiasemtempo.com.br\/home\/wp-json\/wp\/v2\/media?parent=42753"}],"wp:term":[{"taxonomy":"category","embeddable":true,"href":"https:\/\/goiasemtempo.com.br\/home\/wp-json\/wp\/v2\/categories?post=42753"},{"taxonomy":"post_tag","embeddable":true,"href":"https:\/\/goiasemtempo.com.br\/home\/wp-json\/wp\/v2\/tags?post=42753"}],"curies":[{"name":"wp","href":"https:\/\/api.w.org\/{rel}","templated":true}]}}