{"id":42691,"date":"2018-12-04T01:46:41","date_gmt":"2018-12-04T01:46:41","guid":{"rendered":"http:\/\/goiasemtempo.com.br\/home\/?p=42691"},"modified":"2018-12-04T01:46:41","modified_gmt":"2018-12-04T01:46:41","slug":"pge-contesta-prestacao-de-contas-de-lula-e-pede-devolucao-de-recursos","status":"publish","type":"post","link":"https:\/\/goiasemtempo.com.br\/home\/pge-contesta-prestacao-de-contas-de-lula-e-pede-devolucao-de-recursos\/","title":{"rendered":"PGE contesta presta\u00e7\u00e3o de contas de Lula e pede devolu\u00e7\u00e3o de recursos"},"content":{"rendered":"<div>\n<p>A procuradora-geral eleitoral, Raquel Dodge, contestou a presta\u00e7\u00e3o de contas da coliga\u00e7\u00e3o O Povo Feliz de Novo (PT\/PCdoB\/Pros) e pediu o ressarcimento dos recursos p\u00fablicos usados para financiar a campanha eleitoral do ex-presidente Luiz In\u00e1cio Lula da Silva, enquanto ele figurou como candidato \u00e0 Presid\u00eancia da Rep\u00fablica.<\/p>\n<p>A peti\u00e7\u00e3o da procuradora foi juntada ao processo de an\u00e1lise das contas da campanha de Lula em tramita\u00e7\u00e3o no Tribunal Superior Eleitoral (TSE), sob a relatoria do ministro Jorge Mussi.<\/p>\n<p>A campanha de Lula recebeu R$ 20 milh\u00f5es do Fundo Especial de Financiamento de Campanha (FEFC), formado por recursos or\u00e7ament\u00e1rios da Uni\u00e3o.<\/p>\n<p>Segundo a presta\u00e7\u00e3o de contas, foram gastos\u00a0<span id=\"OBJ_PREFIX_DWT301_com_zimbra_phone\" role=\"link\"><a href=\"callto:19.443.666,97\">R$ 19.443.666,97<\/a><\/span>, e a diferen\u00e7a de R$ 556.333,03 foi devolvida ao Tesouro Nacional. Para Raquel Dodge, os recursos aplicados na &#8220;promo\u00e7\u00e3o pol\u00edtico-eleitoral&#8221; de Lula foram indevidamente utilizados e devem ser devolvidos aos cofres p\u00fablicos, com juros e corre\u00e7\u00e3o monet\u00e1ria.<\/p>\n<p>Conforme a Procuradoria-Geral Eleitoral (PGE), o dinheiro usado para pagar as despesas do ent\u00e3o candidato a vice-presidente na chapa petista, Fernando Haddad, tamb\u00e9m\u00a0<span id=\"OBJ_PREFIX_DWT302_com_zimbra_date\" role=\"link\">ter<\/span>\u00e3o de ser devolvidos, assim como despesas com telefonia, pesquisas e testes eleitorais.<\/p>\n<p>Segundo a PGE, os gastos com aluguel do comit\u00ea eleitoral e as doa\u00e7\u00f5es para os partidos da coliga\u00e7\u00e3o s\u00e3o regulares e n\u00e3o precisam ser restitu\u00eddos ao Tesouro\u00a0Nacional. As despesas consideradas ilegais pela PGE referem-se ao per\u00edodo em que Lula foi candidato. O PT registrou a candidatura de Lula no dia\u00a0<span id=\"OBJ_PREFIX_DWT303_com_zimbra_date\" role=\"link\">14 de agosto<\/span>, mas, no dia\u00a0<span id=\"OBJ_PREFIX_DWT304_com_zimbra_date\" role=\"link\">31<\/span>, o TSE decidiu que ele n\u00e3o poderia concorrer. No dia\u00a0<span id=\"OBJ_PREFIX_DWT305_com_zimbra_date\" role=\"link\">11 de setembro<\/span>, a chapa foi substitu\u00edda, com Haddad como candidato a presidete e Manuela d&#8217;\u00c1vila, a vice-presidente.<\/p>\n<p>Para a PGE, como j\u00e1 havia sido condenado em\u00a0<span id=\"OBJ_PREFIX_DWT306_com_zimbra_date\" role=\"link\">segunda<\/span>\u00a0inst\u00e2ncia e estava preso, Lula sabia que era ineleg\u00edvel, mas assumiu o risco ao pedir o registro da candidatura ao TSE. Raquel Dodge entendeu que o pedido de registro n\u00e3o tinha fundamento jur\u00eddico e &#8220;se evidenciou manifestamente protelat\u00f3rio, destinando-se apenas a manipular os eleitores pela eventual continuidade do futuro candidato substituto e a viabilizar o disp\u00eandio absolutamente destitu\u00eddo de fundamento de recursos p\u00fablicos&#8221;.<\/p>\n<p>Portanto, os gastos da campanha eleitoral de Lula s\u00e3o, segundo a PGE, &#8220;manifestamente ilegais diante de sua inequ\u00edvoca e insuper\u00e1vel inelegibilidade, que o afetava desde antes da formaliza\u00e7\u00e3o do requerimento de registro de candidatura, bem como da aus\u00eancia de boa-f\u00e9 objetiva, ou mesmo da presen\u00e7a de m\u00e1-f\u00e9&#8221;. O valor a ser restitu\u00eddo ser\u00e1 calculado pela Assessoria de Exame de Contas Eleitorais e Partid\u00e1rias (Asepa) do TSE.<\/p>\n<p>Lula\u00a0<span id=\"OBJ_PREFIX_DWT307_com_zimbra_date\" role=\"link\">ter<\/span>\u00e1 tr\u00eas dias para se manifestar, contados a partir da sua notifica\u00e7\u00e3o, a ser expedida pelo relator do processo. O ex-presidente foi condenado em\u00a0<span id=\"OBJ_PREFIX_DWT308_com_zimbra_date\" role=\"link\">segunda<\/span>\u00a0inst\u00e2ncia, pelos crimes de corrup\u00e7\u00e3o e lavagem de dinheiro. Desde abril, Lula est\u00e1 preso na Superintend\u00eancia da Pol\u00edcia Federal, em Curitiba.<\/p>\n<\/div>\n<div class=\"edicao\">Edi\u00e7\u00e3o:\u00a0<span class=\"txtJustica\">N\u00e1dia Franco<\/span><\/div>\n","protected":false},"excerpt":{"rendered":"<p>A procuradora-geral eleitoral, Raquel Dodge, contestou a presta\u00e7\u00e3o de contas da coliga\u00e7\u00e3o O Povo Feliz de Novo (PT\/PCdoB\/Pros) e pediu o ressarcimento dos recursos p\u00fablicos usados para financiar a campanha eleitoral do ex-presidente Luiz In\u00e1cio Lula da Silva, enquanto ele figurou como candidato \u00e0 Presid\u00eancia da Rep\u00fablica. A peti\u00e7\u00e3o da procuradora foi juntada ao processo &hellip;<\/p>\n","protected":false},"author":3,"featured_media":42692,"comment_status":"open","ping_status":"open","sticky":false,"template":"","format":"standard","meta":{"_exactmetrics_skip_tracking":false,"_exactmetrics_sitenote_active":false,"_exactmetrics_sitenote_note":"","_exactmetrics_sitenote_category":0,"footnotes":""},"categories":[26],"tags":[],"_links":{"self":[{"href":"https:\/\/goiasemtempo.com.br\/home\/wp-json\/wp\/v2\/posts\/42691"}],"collection":[{"href":"https:\/\/goiasemtempo.com.br\/home\/wp-json\/wp\/v2\/posts"}],"about":[{"href":"https:\/\/goiasemtempo.com.br\/home\/wp-json\/wp\/v2\/types\/post"}],"author":[{"embeddable":true,"href":"https:\/\/goiasemtempo.com.br\/home\/wp-json\/wp\/v2\/users\/3"}],"replies":[{"embeddable":true,"href":"https:\/\/goiasemtempo.com.br\/home\/wp-json\/wp\/v2\/comments?post=42691"}],"version-history":[{"count":1,"href":"https:\/\/goiasemtempo.com.br\/home\/wp-json\/wp\/v2\/posts\/42691\/revisions"}],"predecessor-version":[{"id":42693,"href":"https:\/\/goiasemtempo.com.br\/home\/wp-json\/wp\/v2\/posts\/42691\/revisions\/42693"}],"wp:featuredmedia":[{"embeddable":true,"href":"https:\/\/goiasemtempo.com.br\/home\/wp-json\/wp\/v2\/media\/42692"}],"wp:attachment":[{"href":"https:\/\/goiasemtempo.com.br\/home\/wp-json\/wp\/v2\/media?parent=42691"}],"wp:term":[{"taxonomy":"category","embeddable":true,"href":"https:\/\/goiasemtempo.com.br\/home\/wp-json\/wp\/v2\/categories?post=42691"},{"taxonomy":"post_tag","embeddable":true,"href":"https:\/\/goiasemtempo.com.br\/home\/wp-json\/wp\/v2\/tags?post=42691"}],"curies":[{"name":"wp","href":"https:\/\/api.w.org\/{rel}","templated":true}]}}