{"id":4261,"date":"2017-12-24T16:37:29","date_gmt":"2017-12-24T16:37:29","guid":{"rendered":"http:\/\/goiasemtempo.com.br\/home\/?p=4261"},"modified":"2017-12-24T16:37:29","modified_gmt":"2017-12-24T16:37:29","slug":"leonardo-gryner-ex-diretor-do-comite-rio-2016-e-liberado-no-rio","status":"publish","type":"post","link":"https:\/\/goiasemtempo.com.br\/home\/leonardo-gryner-ex-diretor-do-comite-rio-2016-e-liberado-no-rio\/","title":{"rendered":"Leonardo Gryner, ex-diretor do Comit\u00ea Rio 2016 \u00e9 liberado no Rio"},"content":{"rendered":"<p>O ex-diretor de opera\u00e7\u00f5es do Comit\u00ea Organizador dos Jogos Rio 2016 e ex-diretor do Comit\u00ea Ol\u00edmpico do Brasil (COB), Leonardo Gryner, foi liberado hoje (14) da Cadeia P\u00fablica Jos\u00e9 Frederico Marques, em Benfica, na zona norte do Rio. Gryner foi preso na quinta-feira (5), junto com o ex-presidente do COB e ex-presidente do Comit\u00ea Rio 2016, Carlos Arthur Nuzman, quando foi deflagrada a Opera\u00e7\u00e3o Unfair Play &#8211; Segundo Tempo, um desdobramento da Unfair Play, que revelou a compra de votos para a escolha do Rio como sede ol\u00edmpica de 2016. Nuzman e Gryner teriam participado de esquema para pagamento de propina a membros do Comit\u00ea Ol\u00edmpico Internacional (COI).<\/p>\n<p>De acordo com a Secretaria de Administra\u00e7\u00e3o Penitenci\u00e1ria (Seap), Gryner deixou a pris\u00e3o por volta das 8h. A pris\u00e3o tempor\u00e1ria do ex-diretor foi revogada ontem pelo juiz Marcelo Bretas, da 7\u00aa Vara Federal Criminal do Rio, respons\u00e1vel pelos processos da Opera\u00e7\u00e3o Lava Jato no Rio de Janeiro.<\/p>\n<p>Na segunda-feira passada (9), o juiz tinha prorrogado a pris\u00e3o tempor\u00e1ria de Gryner por entender que ele poderia influenciar as investiga\u00e7\u00f5es impedindo a divulga\u00e7\u00e3o ou a entrega de materiais do COB. Mas na decis\u00e3o de ontem, Bretas destacou que n\u00e3o havia motivos para renovar mais uma vez a tempor\u00e1ria com o prazo de cinco dias, porque, entre outros materiais, os investigadores tiveram acesso \u00e0 caixa de e-mails da secret\u00e1ria de Nuzman, Maria Celeste de Lourdes Campos Pedroso. \u201cConsiderando que n\u00e3o mais subsistem os motivos que ensejaram a prorroga\u00e7\u00e3o da pris\u00e3o tempor\u00e1ria do investigado, revogo a pris\u00e3o tempor\u00e1ria de Leonardo Gryner\u201d, apontou o juiz.<\/p>\n<p>Com rela\u00e7\u00e3o a Nuzman, est\u00e1 mantida a pris\u00e3o convertida em preventiva e o ex-presidente s\u00f3 sair\u00e1 da Cadeia P\u00fablica de Benfica se for aceito o pedido de habeas corpus impetrado pela sua defesa.<\/p>\n<p>Edi\u00e7\u00e3o: Val\u00e9ria Aguiar<\/p>\n","protected":false},"excerpt":{"rendered":"<p>O ex-diretor de opera\u00e7\u00f5es do Comit\u00ea Organizador dos Jogos Rio 2016 e ex-diretor do Comit\u00ea Ol\u00edmpico do Brasil (COB), Leonardo Gryner, foi liberado hoje (14) da Cadeia P\u00fablica Jos\u00e9 Frederico Marques, em Benfica, na zona norte do Rio. Gryner foi preso na quinta-feira (5), junto com o ex-presidente do COB e ex-presidente do Comit\u00ea Rio &hellip;<\/p>\n","protected":false},"author":2,"featured_media":1595,"comment_status":"open","ping_status":"open","sticky":false,"template":"","format":"standard","meta":{"footnotes":""},"categories":[4],"tags":[],"class_list":["post-4261","post","type-post","status-publish","format-standard","has-post-thumbnail","hentry","category-ultimas-noticias"],"_links":{"self":[{"href":"https:\/\/goiasemtempo.com.br\/home\/wp-json\/wp\/v2\/posts\/4261","targetHints":{"allow":["GET"]}}],"collection":[{"href":"https:\/\/goiasemtempo.com.br\/home\/wp-json\/wp\/v2\/posts"}],"about":[{"href":"https:\/\/goiasemtempo.com.br\/home\/wp-json\/wp\/v2\/types\/post"}],"author":[{"embeddable":true,"href":"https:\/\/goiasemtempo.com.br\/home\/wp-json\/wp\/v2\/users\/2"}],"replies":[{"embeddable":true,"href":"https:\/\/goiasemtempo.com.br\/home\/wp-json\/wp\/v2\/comments?post=4261"}],"version-history":[{"count":1,"href":"https:\/\/goiasemtempo.com.br\/home\/wp-json\/wp\/v2\/posts\/4261\/revisions"}],"predecessor-version":[{"id":4262,"href":"https:\/\/goiasemtempo.com.br\/home\/wp-json\/wp\/v2\/posts\/4261\/revisions\/4262"}],"wp:featuredmedia":[{"embeddable":true,"href":"https:\/\/goiasemtempo.com.br\/home\/wp-json\/wp\/v2\/media\/1595"}],"wp:attachment":[{"href":"https:\/\/goiasemtempo.com.br\/home\/wp-json\/wp\/v2\/media?parent=4261"}],"wp:term":[{"taxonomy":"category","embeddable":true,"href":"https:\/\/goiasemtempo.com.br\/home\/wp-json\/wp\/v2\/categories?post=4261"},{"taxonomy":"post_tag","embeddable":true,"href":"https:\/\/goiasemtempo.com.br\/home\/wp-json\/wp\/v2\/tags?post=4261"}],"curies":[{"name":"wp","href":"https:\/\/api.w.org\/{rel}","templated":true}]}}