{"id":42558,"date":"2018-11-28T18:12:24","date_gmt":"2018-11-28T18:12:24","guid":{"rendered":"https:\/\/goiasemtempo.com.br\/home\/?p=42558"},"modified":"2018-11-30T13:53:31","modified_gmt":"2018-11-30T13:53:31","slug":"pena-de-jose-dirceu-em-8-anos-e-mantida-pelo-trf4","status":"publish","type":"post","link":"https:\/\/goiasemtempo.com.br\/home\/pena-de-jose-dirceu-em-8-anos-e-mantida-pelo-trf4\/","title":{"rendered":"Pena de Jos\u00e9 Dirceu em 8 anos \u00e9 mantida pelo TRF4"},"content":{"rendered":"<p>Com sede em Porto Alegre,o Tribunal Regional Federal da 4\u00aa regi\u00e3o, manteve a condena\u00e7\u00e3o do ex-ministro Jos\u00e9 Dirceu \u00e0 pena de\u00a0oito anos, dez meses e 28 dias de pris\u00e3o pelos crimes de corrup\u00e7\u00e3o passiva e lavagem de dinheiro no \u00e2mbito da opera\u00e7\u00e3o Lava Jato.<\/p>\n<p>S\u00e3o r\u00e9us no mesmo processo o irm\u00e3o de Dirceu, Luiz Eduardo de Oliveira e Silva, e o ex-diretor de Servi\u00e7os da Petrobras, Renato Duque.\u00a0Os desembargadores tamb\u00e9m julgaram embargos de declara\u00e7\u00e3o movidos pelos advogados de ambos. Luiz Eduardo teve a sua pena de oito anos e nove meses de reclus\u00e3o por corrup\u00e7\u00e3o passiva e lavagem de dinheiro mantida. A pena de Duque, de seis anos e oito meses de pris\u00e3o por corrup\u00e7\u00e3o passiva, tamb\u00e9m n\u00e3o foi alterada.<\/p>\n<p>A decis\u00e3o foi baseada no voto do relator das a\u00e7\u00f5es relativas \u00e0 Lava Jato no TRF4, desembargador federal Jo\u00e3o Pedro Gebran Neto. A\u00a08\u00aa Turma do tribunal apenas esclareceu algumas d\u00favidas dos advogados em rela\u00e7\u00e3o aos motivos pelais quais seus argumentos n\u00e3o foram acolhidos.<\/p>\n<p>Com Ag\u00eancia de Not\u00edcias\/<\/p>\n<div id=\"platformPageArea\">\n<div id=\"articleReaderPage\" class=\"ImmersivePage fragment articleReaderPage platformPage win-ui-light BingDailyArticleReaderTheme\" lang=\"pt-br\" role=\"Main\" aria-label=\"Main content\">\n<div class=\"platformMainContent\">\n<div id=\"articleOrchestrator\" class=\"orchestrator partial\">\n<div class=\"panel viewport\">\n<div class=\"articleContainer hasContent\">\n<div class=\"win-disposable reader\">\n<div class=\"surface\" data-title-style=\"1\" data-header-style=\"1\">\n<div class=\"textBlock titleBlock exclusion\" data-block-visibility=\"shown\" data-location=\"start\">\n<div class=\"text authorText\">Leonardo Lellis<\/div>\n<\/div>\n<\/div>\n<\/div>\n<\/div>\n<\/div>\n<\/div>\n<\/div>\n<\/div>\n<\/div>\n","protected":false},"excerpt":{"rendered":"<p>Com sede em Porto Alegre,o Tribunal Regional Federal da 4\u00aa regi\u00e3o, manteve a condena\u00e7\u00e3o do ex-ministro Jos\u00e9 Dirceu \u00e0 pena de\u00a0oito anos, dez meses e 28 dias de pris\u00e3o pelos crimes de corrup\u00e7\u00e3o passiva e lavagem de dinheiro no \u00e2mbito da opera\u00e7\u00e3o Lava Jato. S\u00e3o r\u00e9us no mesmo processo o irm\u00e3o de Dirceu, Luiz Eduardo &hellip;<\/p>\n","protected":false},"author":3,"featured_media":42555,"comment_status":"open","ping_status":"open","sticky":false,"template":"","format":"standard","meta":{"_exactmetrics_skip_tracking":false,"_exactmetrics_sitenote_active":false,"_exactmetrics_sitenote_note":"","_exactmetrics_sitenote_category":0,"footnotes":""},"categories":[26],"tags":[],"_links":{"self":[{"href":"https:\/\/goiasemtempo.com.br\/home\/wp-json\/wp\/v2\/posts\/42558"}],"collection":[{"href":"https:\/\/goiasemtempo.com.br\/home\/wp-json\/wp\/v2\/posts"}],"about":[{"href":"https:\/\/goiasemtempo.com.br\/home\/wp-json\/wp\/v2\/types\/post"}],"author":[{"embeddable":true,"href":"https:\/\/goiasemtempo.com.br\/home\/wp-json\/wp\/v2\/users\/3"}],"replies":[{"embeddable":true,"href":"https:\/\/goiasemtempo.com.br\/home\/wp-json\/wp\/v2\/comments?post=42558"}],"version-history":[{"count":1,"href":"https:\/\/goiasemtempo.com.br\/home\/wp-json\/wp\/v2\/posts\/42558\/revisions"}],"predecessor-version":[{"id":42559,"href":"https:\/\/goiasemtempo.com.br\/home\/wp-json\/wp\/v2\/posts\/42558\/revisions\/42559"}],"wp:featuredmedia":[{"embeddable":true,"href":"https:\/\/goiasemtempo.com.br\/home\/wp-json\/wp\/v2\/media\/42555"}],"wp:attachment":[{"href":"https:\/\/goiasemtempo.com.br\/home\/wp-json\/wp\/v2\/media?parent=42558"}],"wp:term":[{"taxonomy":"category","embeddable":true,"href":"https:\/\/goiasemtempo.com.br\/home\/wp-json\/wp\/v2\/categories?post=42558"},{"taxonomy":"post_tag","embeddable":true,"href":"https:\/\/goiasemtempo.com.br\/home\/wp-json\/wp\/v2\/tags?post=42558"}],"curies":[{"name":"wp","href":"https:\/\/api.w.org\/{rel}","templated":true}]}}