{"id":42434,"date":"2018-11-26T19:23:39","date_gmt":"2018-11-26T19:23:39","guid":{"rendered":"https:\/\/goiasemtempo.com.br\/home\/?p=42434"},"modified":"2018-11-26T19:23:39","modified_gmt":"2018-11-26T19:23:39","slug":"queda-de-aviao-em-minas-gerais-mata-quatro-pessoas","status":"publish","type":"post","link":"https:\/\/goiasemtempo.com.br\/home\/queda-de-aviao-em-minas-gerais-mata-quatro-pessoas\/","title":{"rendered":"Queda de avi\u00e3o em Minas Gerais mata quatro pessoas"},"content":{"rendered":"<p>Um jato executivo caiu na manh\u00e3 de hoje (26), em uma fazenda em Jequita\u00ed, no norte de Minas Gerais. Segundo o Corpo de Bombeiros, as quatro pessoas que estavam a bordo do avi\u00e3o morreram no acidente.<\/p>\n<p>A aeronave caiu por volta das 8h, quando a aeronave se preparava para pousar na Fazenda Fortaleza Santa Terezinha, pertencente ao empres\u00e1rio e dono do jato Adolfo Geo, que estava a bordo, acompanhado por sua esposa, Margarida Janete Geo, pelo piloto e pelo co-piloto.<\/p>\n<p>De acordo com o Registro Aeron\u00e1utico Brasileiro, o avi\u00e3o prefixo PP-OEG \u00e9 um Cessna, modelo Citation M2, com capacidade para at\u00e9 oito pessoas. Est\u00e1 registrada em nome do Grupo ARG, que atua em setores como agroneg\u00f3cio, constru\u00e7\u00e3o pesada e infraestrutura, al\u00e9m de com\u00e9rcio internacional e \u00f3leo e g\u00e1s. Ainda de acordo com o registro, a situa\u00e7\u00e3o do jato est\u00e1 regular.<\/p>\n<p>Por telefone, funcion\u00e1rios da empresa confirmaram que Adolfo Geo \u00e9 um dos s\u00f3cios da ARG, mas n\u00e3o souberam informar a situa\u00e7\u00e3o da aeronave e detalhes do acidente.<\/p>\n<p>Dez bombeiros de Pirapora (MG) foram deslocados para atender \u00e0 ocorr\u00eancia. O atendimento mobilizou quatro viaturas e uma aeronave do Corpo de Bombeiros. Peritos da Pol\u00edcia Civil tamb\u00e9m j\u00e1 se encontram no local.<\/p>\n<p>Em nota, o Centro de Investiga\u00e7\u00e3o e Preven\u00e7\u00e3o de Acidentes (Cenipa) informou que investigadores do Terceiro Servi\u00e7o Regional de Investiga\u00e7\u00e3o e Preven\u00e7\u00e3o de Acidentes Aeron\u00e1uticos (Seripa III) j\u00e1 foram acionados para ir ao local coletar ind\u00edcios e ouvir relatos de testemunhas do acidente. A investiga\u00e7\u00e3o do Cenipa visa a prevenir que novos acidentes com as mesmas caracter\u00edsticas ocorram.<\/p>\n<div class=\"edicao\">Edi\u00e7\u00e3o:\u00a0<span class=\"txtGeral\">Fernando Fraga<\/span><\/div>\n","protected":false},"excerpt":{"rendered":"<p>Um jato executivo caiu na manh\u00e3 de hoje (26), em uma fazenda em Jequita\u00ed, no norte de Minas Gerais. Segundo o Corpo de Bombeiros, as quatro pessoas que estavam a bordo do avi\u00e3o morreram no acidente. A aeronave caiu por volta das 8h, quando a aeronave se preparava para pousar na Fazenda Fortaleza Santa Terezinha, &hellip;<\/p>\n","protected":false},"author":3,"featured_media":42435,"comment_status":"open","ping_status":"open","sticky":false,"template":"","format":"standard","meta":{"_exactmetrics_skip_tracking":false,"_exactmetrics_sitenote_active":false,"_exactmetrics_sitenote_note":"","_exactmetrics_sitenote_category":0,"footnotes":""},"categories":[4],"tags":[],"_links":{"self":[{"href":"https:\/\/goiasemtempo.com.br\/home\/wp-json\/wp\/v2\/posts\/42434"}],"collection":[{"href":"https:\/\/goiasemtempo.com.br\/home\/wp-json\/wp\/v2\/posts"}],"about":[{"href":"https:\/\/goiasemtempo.com.br\/home\/wp-json\/wp\/v2\/types\/post"}],"author":[{"embeddable":true,"href":"https:\/\/goiasemtempo.com.br\/home\/wp-json\/wp\/v2\/users\/3"}],"replies":[{"embeddable":true,"href":"https:\/\/goiasemtempo.com.br\/home\/wp-json\/wp\/v2\/comments?post=42434"}],"version-history":[{"count":1,"href":"https:\/\/goiasemtempo.com.br\/home\/wp-json\/wp\/v2\/posts\/42434\/revisions"}],"predecessor-version":[{"id":42436,"href":"https:\/\/goiasemtempo.com.br\/home\/wp-json\/wp\/v2\/posts\/42434\/revisions\/42436"}],"wp:featuredmedia":[{"embeddable":true,"href":"https:\/\/goiasemtempo.com.br\/home\/wp-json\/wp\/v2\/media\/42435"}],"wp:attachment":[{"href":"https:\/\/goiasemtempo.com.br\/home\/wp-json\/wp\/v2\/media?parent=42434"}],"wp:term":[{"taxonomy":"category","embeddable":true,"href":"https:\/\/goiasemtempo.com.br\/home\/wp-json\/wp\/v2\/categories?post=42434"},{"taxonomy":"post_tag","embeddable":true,"href":"https:\/\/goiasemtempo.com.br\/home\/wp-json\/wp\/v2\/tags?post=42434"}],"curies":[{"name":"wp","href":"https:\/\/api.w.org\/{rel}","templated":true}]}}