{"id":42428,"date":"2018-11-26T02:10:09","date_gmt":"2018-11-26T02:10:09","guid":{"rendered":"https:\/\/goiasemtempo.com.br\/home\/?p=42428"},"modified":"2018-11-26T02:13:10","modified_gmt":"2018-11-26T02:13:10","slug":"angustiados-centro-americanos-pedem-no-mexico-para-ser-recebidos-nos-eua","status":"publish","type":"post","link":"https:\/\/goiasemtempo.com.br\/home\/angustiados-centro-americanos-pedem-no-mexico-para-ser-recebidos-nos-eua\/","title":{"rendered":"Angustiados, centro-americanos pedem no M\u00e9xico para ser recebidos nos EUA"},"content":{"rendered":"<p>Exaustos de estar h\u00e1 uma semana na cidade mexicana de Tijuana, cerca de 1.000 migrantes centro-americanos se dirigiam em manifesta\u00e7\u00e3o neste domingo (25) rumo a uma ponte fronteiri\u00e7a para exigir aos Estados Unidos que os receba para apresentar seu pedido de ref\u00fagio.<\/p>\n<p>Pela manh\u00e3, no abrigo onde se encontram 5.000 centro-americanos em condi\u00e7\u00f5es de confinamento, enquanto alguns faziam enormes filas parar receber o caf\u00e9-da-manh\u00e3, outros se preparavam para protagonizar outra marcha at\u00e9 a ponte fronteiri\u00e7a El Chaparral.<\/p>\n<p>Na quinta-feira passada, eles fizeram o mesmo, enquanto do lado americano era realizado um exerc\u00edcio de seguran\u00e7a em que foram usadas bombas de g\u00e1s lacrimog\u00eaneo.<\/p>\n<p>Os migrantes improvisaram faixas de protesto com len\u00e7\u00f3is, nos quais desenharam bandeiras de M\u00e9xico, Honduras e Estados Unidos, enquanto alguns outros escreveram lemas como &#8220;#Todos somos hermanos&#8221; (Todos somos irm\u00e3os, &#8220;Gracias M\u00e9xico por albergar a nuestros hijos&#8221; (Obrigado M\u00e9xico por abrigar nossos filhos), &#8220;Trump no somos tus enemigos&#8221; (Trump, n\u00e3o somos seus inimigos).<\/p>\n<p>Helic\u00f3pteros americanos seguiam do alto a movimenta\u00e7\u00e3o no abrigo, localizado muito perto da cerca que separa Tijuana de San Diego, na Calif\u00f3rnia.<\/p>\n<p>Esta estreita vigil\u00e2ncia \u00e9 parte do dispositivo de seguran\u00e7a mobilizado pelo presidente americano, Donald Trump, que acusa os centro-americanos de pretenderem invadir os Estados Unidos depois de cruzar o M\u00e9xico em uma gigantesca caravana.<\/p>\n<p>O abrigo tamb\u00e9m era resguardado por policiais federais e locais na previs\u00e3o de que grupos locais contr\u00e1rios aos migrantes cheguem a se manifestar, como ocorreu na semana passada.<\/p>\n<p>A paci\u00eancia dos centro-americanos, a grande maioria hondurenhos, chega ao limite ao perceberem que poder\u00e1 levar meses at\u00e9 que possam cruzar a fronteira para pedir ref\u00fagio com o argumento, principalmente, de que fogem da pobreza e da viol\u00eancia em seus pa\u00edses.<\/p>\n<p>\u00c0 medida que se acentuam as tens\u00f5es em Tijuana, Trump pressiona o M\u00e9xico para que aceite que os centro-americanos permane\u00e7am em seu territ\u00f3rio enquanto aguardam que se resolva seu pedido de ref\u00fagio.<\/p>\n<p>No s\u00e1bado, o jornal The Washington Post publicou que os Estados Unidos e o pr\u00f3ximo governo mexicano que ser\u00e1 chefiado pelo esquerdista Andr\u00e9s Manuel L\u00f3pez Obrador se encaminham para um acordo sobre o tema.<\/p>\n<p><img decoding=\"async\" src=\"https:\/\/cdn-istoe-ssl.akamaized.net\/wp-content\/uploads\/sites\/14\/2018\/11\/91096f608e4971daf6b817bed4a5096257620fd3.jpg\" alt=\"Resultado de imagem para CENTRO AMERICANOS\" \/><\/p>\n<p>Olga S\u00e1nchez Cordero, atual senadora e futura ministra do Governo (Interior), citada pelo jornal americano para confirmar o acordo, informou em um comunicado que nenhum pacto foi fechado ainda, que o novo governo vai assumir em 1\u00ba de dezembro e que tem uma pol\u00edtica de &#8220;bra\u00e7os abertos&#8221; aos migrantes, com \u00eanfase especial na defesa dos direitos humanos.<\/p>\n<p>Com Ag\u00eancia de Not\u00edcias\/AFP<\/p>\n","protected":false},"excerpt":{"rendered":"<p>Exaustos de estar h\u00e1 uma semana na cidade mexicana de Tijuana, cerca de 1.000 migrantes centro-americanos se dirigiam em manifesta\u00e7\u00e3o neste domingo (25) rumo a uma ponte fronteiri\u00e7a para exigir aos Estados Unidos que os receba para apresentar seu pedido de ref\u00fagio. Pela manh\u00e3, no abrigo onde se encontram 5.000 centro-americanos em condi\u00e7\u00f5es de confinamento, &hellip;<\/p>\n","protected":false},"author":3,"featured_media":42429,"comment_status":"open","ping_status":"open","sticky":false,"template":"","format":"standard","meta":{"_exactmetrics_skip_tracking":false,"_exactmetrics_sitenote_active":false,"_exactmetrics_sitenote_note":"","_exactmetrics_sitenote_category":0,"footnotes":""},"categories":[8],"tags":[],"_links":{"self":[{"href":"https:\/\/goiasemtempo.com.br\/home\/wp-json\/wp\/v2\/posts\/42428"}],"collection":[{"href":"https:\/\/goiasemtempo.com.br\/home\/wp-json\/wp\/v2\/posts"}],"about":[{"href":"https:\/\/goiasemtempo.com.br\/home\/wp-json\/wp\/v2\/types\/post"}],"author":[{"embeddable":true,"href":"https:\/\/goiasemtempo.com.br\/home\/wp-json\/wp\/v2\/users\/3"}],"replies":[{"embeddable":true,"href":"https:\/\/goiasemtempo.com.br\/home\/wp-json\/wp\/v2\/comments?post=42428"}],"version-history":[{"count":4,"href":"https:\/\/goiasemtempo.com.br\/home\/wp-json\/wp\/v2\/posts\/42428\/revisions"}],"predecessor-version":[{"id":42433,"href":"https:\/\/goiasemtempo.com.br\/home\/wp-json\/wp\/v2\/posts\/42428\/revisions\/42433"}],"wp:featuredmedia":[{"embeddable":true,"href":"https:\/\/goiasemtempo.com.br\/home\/wp-json\/wp\/v2\/media\/42429"}],"wp:attachment":[{"href":"https:\/\/goiasemtempo.com.br\/home\/wp-json\/wp\/v2\/media?parent=42428"}],"wp:term":[{"taxonomy":"category","embeddable":true,"href":"https:\/\/goiasemtempo.com.br\/home\/wp-json\/wp\/v2\/categories?post=42428"},{"taxonomy":"post_tag","embeddable":true,"href":"https:\/\/goiasemtempo.com.br\/home\/wp-json\/wp\/v2\/tags?post=42428"}],"curies":[{"name":"wp","href":"https:\/\/api.w.org\/{rel}","templated":true}]}}