{"id":42286,"date":"2018-11-22T20:09:01","date_gmt":"2018-11-22T20:09:01","guid":{"rendered":"https:\/\/goiasemtempo.com.br\/home\/?p=42286"},"modified":"2018-11-22T20:09:02","modified_gmt":"2018-11-22T20:09:02","slug":"maguito-vilela-aposta-que-iris-e-mendanha-serao-candidatos-em-2020","status":"publish","type":"post","link":"https:\/\/goiasemtempo.com.br\/home\/maguito-vilela-aposta-que-iris-e-mendanha-serao-candidatos-em-2020\/","title":{"rendered":"Maguito Vilela aposta que Iris e Mendanha ser\u00e3o candidatos em 2020"},"content":{"rendered":"<p>Em declara\u00e7\u00e3o a coluna Giro do Jornal O Popular,o ex-prefeito de Aparecida de Goi\u00e2nia\u00a0Maguito Vilela, destacou que n\u00e3o existe nenhuma possibilidade de se lan\u00e7ar candidato a prefeito em 2020 nem a prefeito de Goi\u00e2nia ou de Aparecida de Goi\u00e2nia \u201cEm Goi\u00e2nia o nosso candidato \u00e9 Iris Rezende e em Aparecida \u00e9 Gustavo Mendanha. Nossos candidatos est\u00e3o definidos e essa \u00e9 uma quest\u00e3o de coer\u00eancia partid\u00e1ria\u201d, enfatizou<\/p>\n<p>Ainda assim Maguito ainda destacou que se Iris Rezende n\u00e3o for candidato como o pr\u00f3prio chegou a sinalizar em uma declara\u00e7\u00e3o ai o partido ter\u00e1 que definir um outro nome.<\/p>\n<p>Hoje o MDB trabalha para organizar as candidatura a prefeitura nas grandes cidades do estado, al\u00e9m de comandar Catal\u00e3o, Formosa, Rio Verde e Goi\u00e2n\u00e9sia com prefeitos que apoiaram a candidatura de Ronaldo Caiado a governo do estado novas lideran\u00e7as e nomes hist\u00f3ricos tamb\u00e9m s\u00e3o citados para outras cidades como Humberto Machado para disputar a prefeitura de Jatai e Dante para prefeito de Itumbiara.<\/p>\n<p>Muito se especula sobre a candidatura de Maguito Vilela a prefeitura de Goi\u00e2nia ou de Aparecida de Goi\u00e2nia em 2020. Isso tudo porque ele \u00e9 um dos maiores lideres do MDB e j\u00e1 comandou a cidade de Aparecida saindo muito bem avaliado.<\/p>\n<p>Maguito tamb\u00e9m foi citado para ser candidato a governador ou a senador na disputa de 2018 e disse que n\u00e3o teria interesse, chegou at\u00e9 a ser indicado de suplente de Vanderlan Cardoso e depois foi substitu\u00eddo.<\/p>\n<p>Com Ag\u00eancia de Not\u00edcias\/<\/p>\n","protected":false},"excerpt":{"rendered":"<p>Em declara\u00e7\u00e3o a coluna Giro do Jornal O Popular,o ex-prefeito de Aparecida de Goi\u00e2nia\u00a0Maguito Vilela, destacou que n\u00e3o existe nenhuma possibilidade de se lan\u00e7ar candidato a prefeito em 2020 nem a prefeito de Goi\u00e2nia ou de Aparecida de Goi\u00e2nia \u201cEm Goi\u00e2nia o nosso candidato \u00e9 Iris Rezende e em Aparecida \u00e9 Gustavo Mendanha. Nossos candidatos &hellip;<\/p>\n","protected":false},"author":3,"featured_media":42287,"comment_status":"open","ping_status":"open","sticky":false,"template":"","format":"standard","meta":{"_exactmetrics_skip_tracking":false,"_exactmetrics_sitenote_active":false,"_exactmetrics_sitenote_note":"","_exactmetrics_sitenote_category":0,"footnotes":""},"categories":[15],"tags":[],"_links":{"self":[{"href":"https:\/\/goiasemtempo.com.br\/home\/wp-json\/wp\/v2\/posts\/42286"}],"collection":[{"href":"https:\/\/goiasemtempo.com.br\/home\/wp-json\/wp\/v2\/posts"}],"about":[{"href":"https:\/\/goiasemtempo.com.br\/home\/wp-json\/wp\/v2\/types\/post"}],"author":[{"embeddable":true,"href":"https:\/\/goiasemtempo.com.br\/home\/wp-json\/wp\/v2\/users\/3"}],"replies":[{"embeddable":true,"href":"https:\/\/goiasemtempo.com.br\/home\/wp-json\/wp\/v2\/comments?post=42286"}],"version-history":[{"count":1,"href":"https:\/\/goiasemtempo.com.br\/home\/wp-json\/wp\/v2\/posts\/42286\/revisions"}],"predecessor-version":[{"id":42288,"href":"https:\/\/goiasemtempo.com.br\/home\/wp-json\/wp\/v2\/posts\/42286\/revisions\/42288"}],"wp:featuredmedia":[{"embeddable":true,"href":"https:\/\/goiasemtempo.com.br\/home\/wp-json\/wp\/v2\/media\/42287"}],"wp:attachment":[{"href":"https:\/\/goiasemtempo.com.br\/home\/wp-json\/wp\/v2\/media?parent=42286"}],"wp:term":[{"taxonomy":"category","embeddable":true,"href":"https:\/\/goiasemtempo.com.br\/home\/wp-json\/wp\/v2\/categories?post=42286"},{"taxonomy":"post_tag","embeddable":true,"href":"https:\/\/goiasemtempo.com.br\/home\/wp-json\/wp\/v2\/tags?post=42286"}],"curies":[{"name":"wp","href":"https:\/\/api.w.org\/{rel}","templated":true}]}}