{"id":42227,"date":"2018-11-21T21:20:36","date_gmt":"2018-11-21T21:20:36","guid":{"rendered":"https:\/\/goiasemtempo.com.br\/home\/?p=42227"},"modified":"2018-11-21T21:21:31","modified_gmt":"2018-11-21T21:21:31","slug":"corrida-de-rua-em-anapolis-sera-neste-final-de-semana-com-mais-de-4-mil-inscritos","status":"publish","type":"post","link":"https:\/\/goiasemtempo.com.br\/home\/corrida-de-rua-em-anapolis-sera-neste-final-de-semana-com-mais-de-4-mil-inscritos\/","title":{"rendered":"Corrida de rua em An\u00e1polis ser\u00e1 neste final de semana com mais de 4 mil inscritos"},"content":{"rendered":"<p>Est\u00e1 marcada para o domingo, 25 de novembro,a\u00a07\u00aa etapa do Circuito Anapolino de Corrida de Rua de 2018, com largada e chegada na Rua 14, no Bairro Maracan\u00e3, bem pr\u00f3ximo ao revitalizado Parque da Matinha.Mais de quatro mil pessoas confirmaram participa\u00e7\u00e3o no tradicional evento.\u00a0 Assim como nas provas anteriores, o percurso ser\u00e1 de 5 km, com in\u00edcio \u00e0s 8 horas. Pen\u00faltima do ano, a etapa do Bairro Maracan\u00e3 \u00e9 apontada como uma das mais t\u00e9cnicas dessa edi\u00e7\u00e3o.<\/p>\n<p>O chefe de equipe F\u00e1bio Santana, durante volta de reconhecimento, definiu o percurso como \u201cde altos e baixos\u201d, referindo-se aos seguidos aclives e declives, e parabenizou a equipe organizadora pela escolha do trajeto. A gerente de eventos da Secretaria Municipal de Esportes, Simone Pereira, refor\u00e7ou essa caracter\u00edstica e lembrou que ser\u00e1 a primeira corrida englobando, ao mesmo tempo, os bairros Maracan\u00e3, Ant\u00f4nio Fernandes e Alexandrina.<\/p>\n<p>\u201cLogo na largada os atletas percorrem uma reta e depois enfrentam um pequeno aclive que d\u00e1 acesso \u00e0 Presidente Kennedy. Na avenida h\u00e1 tamb\u00e9m uma subida, seguida por uma nova reta e uma descida. Esse \u00e9 o perfil do percurso\u201d, explica Simone, destacando que os corredores v\u00e3o enfrentar um desafio, mas de n\u00edvel moderado.<\/p>\n<p>Incluindo a corrida do domingo, 25, no Bairro Maracan\u00e3, o total de inscritos no Circuito Anapolino ultrapassa 27 mil pessoas, o que significa aproximadamente 3,9 mil de m\u00e9dia por etapa. \u201cEsses n\u00fameros indicam a qualidade e a regularidade do evento, que conta com a ades\u00e3o maci\u00e7a de atletas anapolinos e de outros munic\u00edpios durante todo o ano\u201d, comemora Simone Pereira.<\/p>\n<p><img decoding=\"async\" src=\"http:\/\/vivaanapolis.com.br\/portal\/wp-content\/uploads\/2016\/01\/anapolis.png\" alt=\"Imagem relacionada\" \/><\/p>\n<p><strong>Chips<\/strong><\/p>\n<p>A Secretaria Municipal de Esportes informa aos competidores inscritos na 7\u00aa etapa do 9\u00ba Circuito Anapolino de Corrida de Rua que a retirada dos chips e n\u00fameros de peitos deve ser feita na quinta-feira, 22, \u2013 exclusivo para equipes\u00a0\u2013, na sexta-feira, 23, \u2013 equipe e atletas avulsos \u2013 e s\u00e1bado, 24, \u2013 somente atletas avulsos \u2013, das 9h \u00e0s 17h, no Gin\u00e1sio Internacional Newton de Faria.<\/p>\n<p>Com Ag~encia de Not\u00edcias\/DG<\/p>\n","protected":false},"excerpt":{"rendered":"<p>Est\u00e1 marcada para o domingo, 25 de novembro,a\u00a07\u00aa etapa do Circuito Anapolino de Corrida de Rua de 2018, com largada e chegada na Rua 14, no Bairro Maracan\u00e3, bem pr\u00f3ximo ao revitalizado Parque da Matinha.Mais de quatro mil pessoas confirmaram participa\u00e7\u00e3o no tradicional evento.\u00a0 Assim como nas provas anteriores, o percurso ser\u00e1 de 5 km, &hellip;<\/p>\n","protected":false},"author":3,"featured_media":42228,"comment_status":"open","ping_status":"open","sticky":false,"template":"","format":"standard","meta":{"_exactmetrics_skip_tracking":false,"_exactmetrics_sitenote_active":false,"_exactmetrics_sitenote_note":"","_exactmetrics_sitenote_category":0,"footnotes":""},"categories":[18],"tags":[],"_links":{"self":[{"href":"https:\/\/goiasemtempo.com.br\/home\/wp-json\/wp\/v2\/posts\/42227"}],"collection":[{"href":"https:\/\/goiasemtempo.com.br\/home\/wp-json\/wp\/v2\/posts"}],"about":[{"href":"https:\/\/goiasemtempo.com.br\/home\/wp-json\/wp\/v2\/types\/post"}],"author":[{"embeddable":true,"href":"https:\/\/goiasemtempo.com.br\/home\/wp-json\/wp\/v2\/users\/3"}],"replies":[{"embeddable":true,"href":"https:\/\/goiasemtempo.com.br\/home\/wp-json\/wp\/v2\/comments?post=42227"}],"version-history":[{"count":1,"href":"https:\/\/goiasemtempo.com.br\/home\/wp-json\/wp\/v2\/posts\/42227\/revisions"}],"predecessor-version":[{"id":42229,"href":"https:\/\/goiasemtempo.com.br\/home\/wp-json\/wp\/v2\/posts\/42227\/revisions\/42229"}],"wp:featuredmedia":[{"embeddable":true,"href":"https:\/\/goiasemtempo.com.br\/home\/wp-json\/wp\/v2\/media\/42228"}],"wp:attachment":[{"href":"https:\/\/goiasemtempo.com.br\/home\/wp-json\/wp\/v2\/media?parent=42227"}],"wp:term":[{"taxonomy":"category","embeddable":true,"href":"https:\/\/goiasemtempo.com.br\/home\/wp-json\/wp\/v2\/categories?post=42227"},{"taxonomy":"post_tag","embeddable":true,"href":"https:\/\/goiasemtempo.com.br\/home\/wp-json\/wp\/v2\/tags?post=42227"}],"curies":[{"name":"wp","href":"https:\/\/api.w.org\/{rel}","templated":true}]}}