{"id":41948,"date":"2018-11-14T19:25:34","date_gmt":"2018-11-14T19:25:34","guid":{"rendered":"https:\/\/goiasemtempo.com.br\/home\/?p=41948"},"modified":"2018-11-14T19:27:02","modified_gmt":"2018-11-14T19:27:02","slug":"ministerio-vai-lancar-edital-para-repor-vagas-de-medicos-cubanos-em-todo-pais","status":"publish","type":"post","link":"https:\/\/goiasemtempo.com.br\/home\/ministerio-vai-lancar-edital-para-repor-vagas-de-medicos-cubanos-em-todo-pais\/","title":{"rendered":"Minist\u00e9rio vai lan\u00e7ar edital para repor vagas de m\u00e9dicos cubanos em todo pa\u00eds"},"content":{"rendered":"<p>O Minist\u00e9rio da Sa\u00fade anunciou nesta quarta-feira (14) que vai lan\u00e7ar\u00a0um edital nos pr\u00f3ximos dias para m\u00e9dicos que queiram ocupar as vagas que ser\u00e3o deixadas pelos profissionais cubanos que integram o programa Mais M\u00e9dicos.<\/p>\n<p>\u201cSer\u00e1 respeitada a convoca\u00e7\u00e3o priorit\u00e1ria dos candidatos brasileiros formados no Brasil seguida de brasileiros formados no exterior\u201d, diz a nota encaminhada \u00e0 imprensa na tarde de\u00a0hoje.<\/p>\n<p>A pasta recebeu nesta manh\u00e3 (14) o comunicado da Organiza\u00e7\u00e3o Pan-Americana de Sa\u00fade (Opas), no qual o governo cubano informa que vai deixar de participar do programa Mais M\u00e9dicos. Segundo o minist\u00e9rio, 8.332 vagas s\u00e3o ocupadas por esses profissionais. \u201cO governo federal est\u00e1 adotando todas as medidas para garantir a assist\u00eancia dos brasileiros atendidos pelas equipes da Sa\u00fade da Fam\u00edlia que contam com profissionais de Cuba\u201d, diz o comunicado.<\/p>\n<p>O governo de Cuba\u00a0<a href=\"http:\/\/agenciabrasil.ebc.com.br\/saude\/noticia\/2018-11\/cuba-deixa-mais-medicos-por-discordar-de-exigencias-do-governo-eleito\" target=\"_blank\" rel=\"noopener\">informou<\/a>\u00a0que deixar\u00e1 de fazer parte do programa. A justificativa \u00e9 que as exig\u00eancias feitas pelo governo eleito s\u00e3o \u201cinaceit\u00e1veis\u201d e \u201cviolam\u201d acordos anteriores. O presidente eleito Jair Bolsonaro disse, na sua conta do Twitter, que a perman\u00eancia dos cubanos est\u00e1 condicionada \u00e0 realiza\u00e7\u00e3o do Revalida pelos profissionais, que \u00e9 o exame aplicado aos m\u00e9dicos que se formam\u00a0no exterior e querem atuar no Brasil.<\/p>\n<p>Procurada pela reportagem, a Opas, que intermediou o conv\u00eanio entre Brasil e Cuba para vinda dos m\u00e9dicos cubanos,\u00a0diz que foi comunicada pelo governo de Cuba sobre a decis\u00e3o de n\u00e3o continuar participando do programa e\u00a0informou o Minist\u00e9rio da Sa\u00fade brasileiro.\u00a0\u201cDevemos\u00a0ter\u00a0mais detalhes nos pr\u00f3ximos dias. Assim que os tivermos, divulgaremos&#8221;, diz nota encaminhada \u00e0\u00a0<strong>Ag\u00eancia Brasil<\/strong>.<\/p>\n<p>Por\u00a0<span class=\"txtSaude\">Leandro Melito &#8211; Rep\u00f3rter da Ag\u00eancia Brasil\u00a0<span class=\"newsLocation\">\u00a0Bras\u00edlia<\/span><\/span><\/p>\n","protected":false},"excerpt":{"rendered":"<p>O Minist\u00e9rio da Sa\u00fade anunciou nesta quarta-feira (14) que vai lan\u00e7ar\u00a0um edital nos pr\u00f3ximos dias para m\u00e9dicos que queiram ocupar as vagas que ser\u00e3o deixadas pelos profissionais cubanos que integram o programa Mais M\u00e9dicos. \u201cSer\u00e1 respeitada a convoca\u00e7\u00e3o priorit\u00e1ria dos candidatos brasileiros formados no Brasil seguida de brasileiros formados no exterior\u201d, diz a nota encaminhada &hellip;<\/p>\n","protected":false},"author":3,"featured_media":41949,"comment_status":"open","ping_status":"open","sticky":false,"template":"","format":"standard","meta":{"_exactmetrics_skip_tracking":false,"_exactmetrics_sitenote_active":false,"_exactmetrics_sitenote_note":"","_exactmetrics_sitenote_category":0,"footnotes":""},"categories":[16],"tags":[],"_links":{"self":[{"href":"https:\/\/goiasemtempo.com.br\/home\/wp-json\/wp\/v2\/posts\/41948"}],"collection":[{"href":"https:\/\/goiasemtempo.com.br\/home\/wp-json\/wp\/v2\/posts"}],"about":[{"href":"https:\/\/goiasemtempo.com.br\/home\/wp-json\/wp\/v2\/types\/post"}],"author":[{"embeddable":true,"href":"https:\/\/goiasemtempo.com.br\/home\/wp-json\/wp\/v2\/users\/3"}],"replies":[{"embeddable":true,"href":"https:\/\/goiasemtempo.com.br\/home\/wp-json\/wp\/v2\/comments?post=41948"}],"version-history":[{"count":1,"href":"https:\/\/goiasemtempo.com.br\/home\/wp-json\/wp\/v2\/posts\/41948\/revisions"}],"predecessor-version":[{"id":41950,"href":"https:\/\/goiasemtempo.com.br\/home\/wp-json\/wp\/v2\/posts\/41948\/revisions\/41950"}],"wp:featuredmedia":[{"embeddable":true,"href":"https:\/\/goiasemtempo.com.br\/home\/wp-json\/wp\/v2\/media\/41949"}],"wp:attachment":[{"href":"https:\/\/goiasemtempo.com.br\/home\/wp-json\/wp\/v2\/media?parent=41948"}],"wp:term":[{"taxonomy":"category","embeddable":true,"href":"https:\/\/goiasemtempo.com.br\/home\/wp-json\/wp\/v2\/categories?post=41948"},{"taxonomy":"post_tag","embeddable":true,"href":"https:\/\/goiasemtempo.com.br\/home\/wp-json\/wp\/v2\/tags?post=41948"}],"curies":[{"name":"wp","href":"https:\/\/api.w.org\/{rel}","templated":true}]}}