{"id":41901,"date":"2018-11-13T20:03:33","date_gmt":"2018-11-13T20:03:33","guid":{"rendered":"https:\/\/goiasemtempo.com.br\/home\/?p=41901"},"modified":"2018-11-13T20:03:33","modified_gmt":"2018-11-13T20:03:33","slug":"prefeito-de-anapolis-explica-sobre-pagamentos-de-titulacao-de-servidores-assista-o-video","status":"publish","type":"post","link":"https:\/\/goiasemtempo.com.br\/home\/prefeito-de-anapolis-explica-sobre-pagamentos-de-titulacao-de-servidores-assista-o-video\/","title":{"rendered":"Prefeito de An\u00e1polis explica sobre pagamentos de titula\u00e7\u00e3o de servidores; assista o v\u00eddeo"},"content":{"rendered":"<p>O prefeito de An\u00e1polis Roberto Naves (PTB) deu in\u00edcio a mais um projeto nas redes sociais nesta segunda-feira (12\/11), o Fala Prefeito. No primeiro programa, o gestor da cidade tirou d\u00favidas sobre mais de 25 assuntos diferentes, um deles, sobre o pagamento da titula\u00e7\u00e3o dos servidores municipais, que previa um aumento de sal\u00e1rio para quem apresentasse um t\u00edtulo de gradua\u00e7\u00e3o.<\/p>\n<p>\u201cSe trata de uma lei feita pelo \u00faltimo governo, cerca de 190 dias antes de vencer o mandato, um complemento salarial para as pessoas que apresentassem uma gradua\u00e7\u00e3o, um titulo. E eu\u00a0sou a favor disso, mas precisamos fazer tudo com seguran\u00e7a jur\u00eddica para que num futuro n\u00e3o tenhamos problemas, nem o prefeito como administrador, nem os secret\u00e1rios e, muito menos, os servidores\u201d, declarou Roberto.<\/p>\n<p>Segundo o prefeito, o problema, por\u00e9m, j\u00e1 est\u00e1 sendo sanado. \u201cUm destes problemas foi que a lei foi feita sem o c\u00e1lculo do impacto financeiro que geraria, ent\u00e3o como voc\u00ea faz uma lei sem saber o quanto ela vai custar pro munic\u00edpio? E foi isso que aconteceu\u201d, explicou, completando que sua gest\u00e3o terminou a conta.<\/p>\n<p>\u201cA princ\u00edpio o c\u00e1lculo resultou em 1 milh\u00e3o de reais por m\u00eas. Ent\u00e3o, \u00e0 todos servidores, fiquem tranquilos, estamos trabalhando para conceder o quanto antes a titula\u00e7\u00e3o\u201d, concluiu Roberto. Confira o v\u00eddeo na \u00edntegra.<\/p>\n<p>Sobre o Fala Prefeito, Roberto Naves disse que a ideia \u00e9 produzi-lo semanalmente para que haja uma rela\u00e7\u00e3o mais \u201cdireta\u201d entre os cidad\u00e3o.<\/p>\n<div id=\"fb-root\"><\/div>\n<p><script>(function(d, s, id) {  var js, fjs = d.getElementsByTagName(s)[0];  if (d.getElementById(id)) return;  js = d.createElement(s); js.id = id;  js.src = 'https:\/\/connect.facebook.net\/en_US\/sdk.js#xfbml=1&version=v3.2';  fjs.parentNode.insertBefore(js, fjs);}(document, 'script', 'facebook-jssdk'));<\/script><\/p>\n<div class=\"fb-video\" data-href=\"https:\/\/www.facebook.com\/oficialrobertonaves\/videos\/197768587812156\/?t=0\" data-width=\"708\">\n<blockquote cite=\"https:\/\/www.facebook.com\/oficialrobertonaves\/videos\/197768587812156\/\" class=\"fb-xfbml-parse-ignore\"><p><a href=\"https:\/\/www.facebook.com\/oficialrobertonaves\/videos\/197768587812156\/\"><\/a><\/p>\n<p>Durante o #FalaPrefeito tamb\u00e9m respondemos os questionamentos sobre a Titula\u00e7\u00e3o dos Servidores P\u00fablicos! Entenda! #RobertoNaves#PlanejamentoEA\u00e7\u00e3o #PrefeituraDeAn\u00e1polis<\/p>\n<p>Posted by <a href=\"https:\/\/www.facebook.com\/oficialrobertonaves\/\">Roberto Naves<\/a> on Tuesday, November 13, 2018<\/p><\/blockquote>\n<\/div>\n<p>Com Ag\u00eancia de Not\u00edcias\/JOp\u00e7\u00e3o\/<\/p>\n<p>Por:Nathan Sampaio<\/p>\n<p>&nbsp;<\/p>\n","protected":false},"excerpt":{"rendered":"<p>O prefeito de An\u00e1polis Roberto Naves (PTB) deu in\u00edcio a mais um projeto nas redes sociais nesta segunda-feira (12\/11), o Fala Prefeito. No primeiro programa, o gestor da cidade tirou d\u00favidas sobre mais de 25 assuntos diferentes, um deles, sobre o pagamento da titula\u00e7\u00e3o dos servidores municipais, que previa um aumento de sal\u00e1rio para quem &hellip;<\/p>\n","protected":false},"author":3,"featured_media":41902,"comment_status":"open","ping_status":"open","sticky":false,"template":"","format":"standard","meta":{"_exactmetrics_skip_tracking":false,"_exactmetrics_sitenote_active":false,"_exactmetrics_sitenote_note":"","_exactmetrics_sitenote_category":0,"footnotes":""},"categories":[18],"tags":[],"_links":{"self":[{"href":"https:\/\/goiasemtempo.com.br\/home\/wp-json\/wp\/v2\/posts\/41901"}],"collection":[{"href":"https:\/\/goiasemtempo.com.br\/home\/wp-json\/wp\/v2\/posts"}],"about":[{"href":"https:\/\/goiasemtempo.com.br\/home\/wp-json\/wp\/v2\/types\/post"}],"author":[{"embeddable":true,"href":"https:\/\/goiasemtempo.com.br\/home\/wp-json\/wp\/v2\/users\/3"}],"replies":[{"embeddable":true,"href":"https:\/\/goiasemtempo.com.br\/home\/wp-json\/wp\/v2\/comments?post=41901"}],"version-history":[{"count":1,"href":"https:\/\/goiasemtempo.com.br\/home\/wp-json\/wp\/v2\/posts\/41901\/revisions"}],"predecessor-version":[{"id":41903,"href":"https:\/\/goiasemtempo.com.br\/home\/wp-json\/wp\/v2\/posts\/41901\/revisions\/41903"}],"wp:featuredmedia":[{"embeddable":true,"href":"https:\/\/goiasemtempo.com.br\/home\/wp-json\/wp\/v2\/media\/41902"}],"wp:attachment":[{"href":"https:\/\/goiasemtempo.com.br\/home\/wp-json\/wp\/v2\/media?parent=41901"}],"wp:term":[{"taxonomy":"category","embeddable":true,"href":"https:\/\/goiasemtempo.com.br\/home\/wp-json\/wp\/v2\/categories?post=41901"},{"taxonomy":"post_tag","embeddable":true,"href":"https:\/\/goiasemtempo.com.br\/home\/wp-json\/wp\/v2\/tags?post=41901"}],"curies":[{"name":"wp","href":"https:\/\/api.w.org\/{rel}","templated":true}]}}