{"id":41840,"date":"2018-11-12T02:29:15","date_gmt":"2018-11-12T02:29:15","guid":{"rendered":"https:\/\/goiasemtempo.com.br\/home\/?p=41840"},"modified":"2018-11-12T02:30:35","modified_gmt":"2018-11-12T02:30:35","slug":"ao-fantastico-da-globo-moro-diz-que-nao-sera-candidato-a-presidente-daqui-a-4-anos","status":"publish","type":"post","link":"https:\/\/goiasemtempo.com.br\/home\/ao-fantastico-da-globo-moro-diz-que-nao-sera-candidato-a-presidente-daqui-a-4-anos\/","title":{"rendered":"Ao Fant\u00e1stico da Globo, Moro diz que n\u00e3o ser\u00e1 candidato a presidente daqui a 4 anos"},"content":{"rendered":"<p>O juiz federal e futuro ministro de Justi\u00e7a e Seguran\u00e7a P\u00fablica, S\u00e9rgio Moro, disse estar assumindo 1 cargo<em> \u201cpredominante t\u00e9cnico\u201d<\/em> no governo de Jair Bolsonaro (PSL). Ele negou que pretenda ser candidato \u00e0 Presid\u00eancia da Rep\u00fablica nas pr\u00f3ximas elei\u00e7\u00f5es.<\/p>\n<p><em>\u201cNa minha vis\u00e3o, estou assumindo 1 cargo para exercer uma fun\u00e7\u00e3o predominantemente t\u00e9cnica. N\u00e3o me vejo em 1 palanque como candidato a qualquer esp\u00e9cie de cargo. Isso n\u00e3o \u00e9 da minha natureza\u201d<\/em>, disse em entrevista exibida neste domingo (11.nov.2018) pelo Fant\u00e1stico, da <em>TV Globo<\/em>.<\/p>\n<p>Ao ser questionado se n\u00e3o poderia mudar de ideia no futuro sobre a candidatura, completou:<em> \u201cEstou te falando que n\u00e3o vou ser\u201d.<\/em><\/p>\n<p>Sobre a chance de assumir uma vaga no STF (Supremo Tribunal Federal), disse que \u00e9 <em>\u201cuma possibilidade\u201d<\/em>.<em> \u201c\u00c9 uma perspectiva, uma possibilidade que se coloca no futuro. Quando surgir uma vaga o meu nome pode ser cogitado, como o nome de v\u00e1rias pessoas.\u201d<\/em><\/p>\n<p>O juiz ser\u00e1 1 dos &#8220;su\u00e9rministros&#8221;indicados por Bolsonaro. Sua pasta aglutinar\u00e1 os atuais minist\u00e9rios da Justi\u00e7a e da Seguran\u00e7a P\u00fablica.<\/p>\n<h2>Posse de armas e maioridade penal<\/h2>\n<p>Moro afirmou que a flexibiliza\u00e7\u00e3o da posse de armas \u2013ou seja, o afrouxamento das regras para quem deseja ter uma arma dentro de casa\u2013 n\u00e3o \u00e9 <em>\u201cuma quest\u00e3o exatamente de diminui\u00e7\u00e3o ou n\u00e3o da criminalidade\u201d.<\/em><\/p>\n<p><em>\u201cO senhor presidente foi eleito com base nessa posi\u00e7\u00e3o e me parece que h\u00e1 esse compromisso com os seus eleitores.\u201d\u00a0<\/em>Para ele, as normas atuais\u00a0<em>\u201cs\u00e3o muito restritivas\u201d<\/em>.<\/p>\n<p>Em rela\u00e7\u00e3o \u00e0 redu\u00e7\u00e3o da maioridade penal, disse que <em>\u201cn\u00e3o existe posi\u00e7\u00e3o fechada\u201d<\/em> no governo sobre o tema.<\/p>\n<p><em>\u201cExiste uma necessidade de se proteger o adolescente, por isso se coloca a maioridade penal em 18 anos. Mas tamb\u00e9m acho que \u00e9 razo\u00e1vel a afirma\u00e7\u00e3o de que mesmo o adolescente entre 16 e 18 anos j\u00e1 tem uma no\u00e7\u00e3o de que \u00e9 errado matar.\u201d<\/em><\/p>\n<h2>\u201cAbate\u201d&amp;nbsp;a criminosos<\/h2>\n<p>Moro voltou a defender que o Estado deve ter uma pol\u00edtica mais rigorosa contra organiza\u00e7\u00f5es criminosas. Ele mostrou posicionamento favor\u00e1vel ao do governador eleito do Rio de Janeiro, Wilson Witzel (PSC), de dar autoriza\u00e7\u00e3o a policiais para \u201cabater\u201d criminosos com fuzis.<\/p>\n<p><em>\u201cN\u00e3o me parece razo\u00e1vel que o policial tenha que esperar o criminoso atirar nele com uma metralhadora, com 1 fuzil antes que ele possa tomar qualquer provid\u00eancia. Tenho minhas d\u00favidas se isso j\u00e1 n\u00e3o \u00e9 acobertado pela legisla\u00e7\u00e3o, mas vamos estudar se \u00e9 necess\u00e1rio uma reformula\u00e7\u00e3o.\u201d<\/em><\/p>\n<p>Questionado sobre suas metas para a redu\u00e7\u00e3o da criminalidade, disse que n\u00e3o \u00e9 poss\u00edvel se comprometer com 1 n\u00famero. <em>\u201cN\u00e3o \u00e9 exatamente matem\u00e1tica.\u201d<\/em><\/p>\n<p>Na 3\u00aa feira (6.nov), durante a 1\u00aa entrevista ap\u00f3s ser anunciado ministro\u00a0, o juiz defendeu a aplica\u00e7\u00e3o de penas mais severas, como proibi\u00e7\u00e3o de progress\u00e3o de regime quando houver liga\u00e7\u00e3o com organiza\u00e7\u00f5es criminosas. Defendeu tamb\u00e9m a utiliza\u00e7\u00e3o do modelo de for\u00e7as tarefas da Lava Jato no combate ao crime organizado.<\/p>\n<h2>Minorias<\/h2>\n<p>Em rela\u00e7\u00e3o a frase de Bolsonaro de que iria <em>\u201cbotar 1 ponto final em todo tipo de ativismo no Brasil\u201d,<\/em> Moro disse nunca ter visto da parte do presidente eleito<em> \u201cuma proposta de cunho discriminat\u00f3rio em rela\u00e7\u00e3o a minorias\u201d<\/em>.<\/p>\n<p><em>\u201cNada vai mudar. Tenho grandes amigos que s\u00e3o homossexuais, algumas das melhores pessoas que eu conhe\u00e7o. E n\u00e3o existe\u00a0<\/em><em>nenhuma perspectiva de nada que seja discriminat\u00f3rio a essas minorias.\u201d<\/em><\/p>\n<p>Com Ag\u00eancia de Not\u00edcias\/Poder360<\/p>\n","protected":false},"excerpt":{"rendered":"<p>O juiz federal e futuro ministro de Justi\u00e7a e Seguran\u00e7a P\u00fablica, S\u00e9rgio Moro, disse estar assumindo 1 cargo \u201cpredominante t\u00e9cnico\u201d no governo de Jair Bolsonaro (PSL). Ele negou que pretenda ser candidato \u00e0 Presid\u00eancia da Rep\u00fablica nas pr\u00f3ximas elei\u00e7\u00f5es. \u201cNa minha vis\u00e3o, estou assumindo 1 cargo para exercer uma fun\u00e7\u00e3o predominantemente t\u00e9cnica. N\u00e3o me vejo &hellip;<\/p>\n","protected":false},"author":3,"featured_media":41841,"comment_status":"open","ping_status":"open","sticky":false,"template":"","format":"standard","meta":{"_exactmetrics_skip_tracking":false,"_exactmetrics_sitenote_active":false,"_exactmetrics_sitenote_note":"","_exactmetrics_sitenote_category":0,"footnotes":""},"categories":[2],"tags":[],"_links":{"self":[{"href":"https:\/\/goiasemtempo.com.br\/home\/wp-json\/wp\/v2\/posts\/41840"}],"collection":[{"href":"https:\/\/goiasemtempo.com.br\/home\/wp-json\/wp\/v2\/posts"}],"about":[{"href":"https:\/\/goiasemtempo.com.br\/home\/wp-json\/wp\/v2\/types\/post"}],"author":[{"embeddable":true,"href":"https:\/\/goiasemtempo.com.br\/home\/wp-json\/wp\/v2\/users\/3"}],"replies":[{"embeddable":true,"href":"https:\/\/goiasemtempo.com.br\/home\/wp-json\/wp\/v2\/comments?post=41840"}],"version-history":[{"count":2,"href":"https:\/\/goiasemtempo.com.br\/home\/wp-json\/wp\/v2\/posts\/41840\/revisions"}],"predecessor-version":[{"id":41843,"href":"https:\/\/goiasemtempo.com.br\/home\/wp-json\/wp\/v2\/posts\/41840\/revisions\/41843"}],"wp:featuredmedia":[{"embeddable":true,"href":"https:\/\/goiasemtempo.com.br\/home\/wp-json\/wp\/v2\/media\/41841"}],"wp:attachment":[{"href":"https:\/\/goiasemtempo.com.br\/home\/wp-json\/wp\/v2\/media?parent=41840"}],"wp:term":[{"taxonomy":"category","embeddable":true,"href":"https:\/\/goiasemtempo.com.br\/home\/wp-json\/wp\/v2\/categories?post=41840"},{"taxonomy":"post_tag","embeddable":true,"href":"https:\/\/goiasemtempo.com.br\/home\/wp-json\/wp\/v2\/tags?post=41840"}],"curies":[{"name":"wp","href":"https:\/\/api.w.org\/{rel}","templated":true}]}}