{"id":41798,"date":"2018-11-10T17:47:07","date_gmt":"2018-11-10T17:47:07","guid":{"rendered":"https:\/\/goiasemtempo.com.br\/home\/?p=41798"},"modified":"2018-11-10T17:48:12","modified_gmt":"2018-11-10T17:48:12","slug":"bolsonaro-ganha-bananas-maduras-de-amigos-de-eldorado-paulista","status":"publish","type":"post","link":"https:\/\/goiasemtempo.com.br\/home\/bolsonaro-ganha-bananas-maduras-de-amigos-de-eldorado-paulista\/","title":{"rendered":"Bolsonaro ganha bananas de amigos de Eldorado na inf\u00e2ncia"},"content":{"rendered":"<p>O presidente eleito Jair Bolsonaro recebeu hoje (10), em sua casa no Rio de Janeiro, um grupo de quatro amigos da cidade de Eldorado Paulista (SP), onde cresceu.<\/p>\n<p>O aposentado Jo\u00e3o Evangelista, de 63 anos, o filho Dani Willian Lopes Corr\u00eaa, o genro Murilo de Souza e Fabiano Andrade, s\u00f3cio do genro, vieram de S\u00e3o Paulo para uma visita e trouxeram de presente dois cachos de bananas, um de banana prata e outro de banana ouro, essa, segundo o aposentado, produzida em Eldorado, no Vale do Ribeira.<\/p>\n<div class=\"dnd-widget-wrapper context-cheio_8colunas type-image\">\n<div class=\"dnd-atom-rendered\">\n<figure class=\"mejs-fotoh-wrapper\"><img decoding=\"async\" class=\"img-responsive full full\" title=\"T\u00e2nia R\u00eago\/Ag\u00eancia Brasil\/Ag\u00eancia Brasil\" src=\"http:\/\/imagens.ebc.com.br\/Gg5zxSFnnkbRUV1c45LcuHK-EJA=\/754x0\/smart\/http:\/\/agenciabrasil.ebc.com.br\/sites\/default\/files\/thumbnails\/image\/tnrgo_20181110_2009rj.jpg?itok=3UpyHUjQ\" alt=\"Jo\u00e3o Evangelista, 63, aposentado, amigo de inf\u00e2ncia do presidente eleito, visita Jair Bolsonaro e o presenteia com bananas do Vale do Ribeira. \" \/><\/figure>\n<\/div>\n<div class=\"dnd-caption-wrapper\">\n<div class=\"meta\">Jo\u00e3o Evangelista, 63 anos, aposentado, e outros amigos levaram bananas para Bolsonaro e falaram sobre pol\u00edtica\u00a0\u00a0\u00a0<strong>(T\u00e2nia R\u00eago\/Ag\u00eancia Brasil)<\/strong><\/div>\n<\/div>\n<\/div>\n<p>\u201cEu sou amigo de inf\u00e2ncia [do presidente eleito]. Estudei com ele a vida toda l\u00e1. A gente ia pescar, cortar maracuj\u00e1 roxinho\u201d, contou.<\/p>\n<p>Bolsonaro nasceu na cidade de Glic\u00e9rio (SP), de onde a fam\u00edlia se mudou para Eldorado.<\/p>\n<p>\u201cEle chegou a Eldorado Paulista aproximadamente com oito anos de idade e saiu de l\u00e1 depois que passou no concurso de cadetes do Ex\u00e9rcito, em Resende, Estado do Rio. Ent\u00e3o, ele veio embora com 18 ou 19 anos, todo esse tempo n\u00f3s passamos juntos. Eu sou de l\u00e1 mesmo\u201d, concluiu.<\/p>\n<p>Jo\u00e3o Evangelista disse que, ao saber que o grupo vinha para o Rio de Janeiro, para regularizar documentos para a venda de bananas na Central de Abastecimento da cidade, a irm\u00e3 do presidente eleito, Denise, pediu que os amigos trouxessem uns cachos para Bolsonaro. \u201c Foi um fazendeiro de l\u00e1 que cortou as bananas para trazermos para c\u00e1\u201d, completou.<\/p>\n<h2>Inf\u00e2ncia e pol\u00edtica<\/h2>\n<p>Segundo Jo\u00e3o Evangelista, durante o encontro o presidente eleito comeu algumas bananas maduras. \u201cEle falou que vai tentar regularizar esse neg\u00f3cio com o Equador que est\u00e1 pondo banana aqui no Brasil, que parece que n\u00e3o veio de boa qualidade\u201d, disse o visitante.<\/p>\n<p>Evangelista afirmou que a conversa de mais ou menos uma hora com o amigo foi \u201cmuito sadia, muito boa\u201d, sobre a inf\u00e2ncia e pol\u00edtica.<\/p>\n<p>\u201cA expectativa dele \u00e9 totalmente boa e eu acho que vai dar certo [o governo]. Vai dar porque, se depender dele, ele n\u00e3o \u00e9 c\u00famplice de ningu\u00e9m. Ele est\u00e1 escolhendo seus pr\u00f3prios ministros, gente boa, gente de responsabilidade, id\u00f4nea, ent\u00e3o n\u00e3o tem problema nenhum. Acho que o Brasil vai para frente agora\u201d, opinou.<\/p>\n<p>De acordo com assessores do presidente eleito, ele n\u00e3o tem agenda para este s\u00e1bado.<\/p>\n<div class=\"edicao\">Edi\u00e7\u00e3o:\u00a0<span class=\"txtPolitica\">Kleber Sampaio<\/span><\/div>\n","protected":false},"excerpt":{"rendered":"<p>O presidente eleito Jair Bolsonaro recebeu hoje (10), em sua casa no Rio de Janeiro, um grupo de quatro amigos da cidade de Eldorado Paulista (SP), onde cresceu. O aposentado Jo\u00e3o Evangelista, de 63 anos, o filho Dani Willian Lopes Corr\u00eaa, o genro Murilo de Souza e Fabiano Andrade, s\u00f3cio do genro, vieram de S\u00e3o &hellip;<\/p>\n","protected":false},"author":3,"featured_media":41799,"comment_status":"open","ping_status":"open","sticky":false,"template":"","format":"standard","meta":{"_exactmetrics_skip_tracking":false,"_exactmetrics_sitenote_active":false,"_exactmetrics_sitenote_note":"","_exactmetrics_sitenote_category":0,"footnotes":""},"categories":[2],"tags":[],"_links":{"self":[{"href":"https:\/\/goiasemtempo.com.br\/home\/wp-json\/wp\/v2\/posts\/41798"}],"collection":[{"href":"https:\/\/goiasemtempo.com.br\/home\/wp-json\/wp\/v2\/posts"}],"about":[{"href":"https:\/\/goiasemtempo.com.br\/home\/wp-json\/wp\/v2\/types\/post"}],"author":[{"embeddable":true,"href":"https:\/\/goiasemtempo.com.br\/home\/wp-json\/wp\/v2\/users\/3"}],"replies":[{"embeddable":true,"href":"https:\/\/goiasemtempo.com.br\/home\/wp-json\/wp\/v2\/comments?post=41798"}],"version-history":[{"count":2,"href":"https:\/\/goiasemtempo.com.br\/home\/wp-json\/wp\/v2\/posts\/41798\/revisions"}],"predecessor-version":[{"id":41801,"href":"https:\/\/goiasemtempo.com.br\/home\/wp-json\/wp\/v2\/posts\/41798\/revisions\/41801"}],"wp:featuredmedia":[{"embeddable":true,"href":"https:\/\/goiasemtempo.com.br\/home\/wp-json\/wp\/v2\/media\/41799"}],"wp:attachment":[{"href":"https:\/\/goiasemtempo.com.br\/home\/wp-json\/wp\/v2\/media?parent=41798"}],"wp:term":[{"taxonomy":"category","embeddable":true,"href":"https:\/\/goiasemtempo.com.br\/home\/wp-json\/wp\/v2\/categories?post=41798"},{"taxonomy":"post_tag","embeddable":true,"href":"https:\/\/goiasemtempo.com.br\/home\/wp-json\/wp\/v2\/tags?post=41798"}],"curies":[{"name":"wp","href":"https:\/\/api.w.org\/{rel}","templated":true}]}}