{"id":4167,"date":"2017-12-24T16:04:44","date_gmt":"2017-12-24T16:04:44","guid":{"rendered":"http:\/\/goiasemtempo.com.br\/home\/?p=4167"},"modified":"2017-12-24T16:04:44","modified_gmt":"2017-12-24T16:04:44","slug":"austria-realiza-eleicoes-parlamentares-neste-domingo","status":"publish","type":"post","link":"https:\/\/goiasemtempo.com.br\/home\/austria-realiza-eleicoes-parlamentares-neste-domingo\/","title":{"rendered":"\u00c1ustria realiza elei\u00e7\u00f5es parlamentares neste domingo"},"content":{"rendered":"<p>Mais de 6 milh\u00f5es de pessoas est\u00e3o habilitadas para votar nas elei\u00e7\u00f5es parlamentares deste domingo (15) na \u00c1ustria. Os \u00faltimos progn\u00f3sticos indicam a possibilidade de ingresso da extrema direita no governo austr\u00edaco, hoje comandado pelo social-democrata Christian Kern.<\/p>\n<p>Ap\u00f3s votar, Kern mostrou-se confiante em sua reelei\u00e7\u00e3o \u00e0 frente do Executivo. Ele disse que sua campanha recobrou for\u00e7a nos \u00faltimos dias e que n\u00e3o se deve descartar \u201cuma surpresa\u201d no resultado do pleito, no qual ser\u00e3o eleitos 183 deputados.<br \/>\nAs elei\u00e7\u00f5es foram antecipadas ap\u00f3s a ruptura da coaliz\u00e3o entre os social-democratas e os democrata-crist\u00e3os.<\/p>\n<p>De acordo com as \u00faltimas pesquisas, o Partido Popular, de centro-direita, \u00e9 o favorito, com estimativa de votos em torno de 33%. Seu l\u00edder \u00e9 o atual ministro das Rela\u00e7\u00f5es Exteriores, Sebastian Kurz. Os progn\u00f3sticos d\u00e3o aos social-democratas e aos democrata-crist\u00e3os o mesmo percentual: 25%.<\/p>\n","protected":false},"excerpt":{"rendered":"<p>Mais de 6 milh\u00f5es de pessoas est\u00e3o habilitadas para votar nas elei\u00e7\u00f5es parlamentares deste domingo (15) na \u00c1ustria. Os \u00faltimos progn\u00f3sticos indicam a possibilidade de ingresso da extrema direita no governo austr\u00edaco, hoje comandado pelo social-democrata Christian Kern. Ap\u00f3s votar, Kern mostrou-se confiante em sua reelei\u00e7\u00e3o \u00e0 frente do Executivo. Ele disse que sua campanha &hellip;<\/p>\n","protected":false},"author":2,"featured_media":1473,"comment_status":"open","ping_status":"open","sticky":false,"template":"","format":"standard","meta":{"_exactmetrics_skip_tracking":false,"_exactmetrics_sitenote_active":false,"_exactmetrics_sitenote_note":"","_exactmetrics_sitenote_category":0,"footnotes":""},"categories":[4],"tags":[],"_links":{"self":[{"href":"https:\/\/goiasemtempo.com.br\/home\/wp-json\/wp\/v2\/posts\/4167"}],"collection":[{"href":"https:\/\/goiasemtempo.com.br\/home\/wp-json\/wp\/v2\/posts"}],"about":[{"href":"https:\/\/goiasemtempo.com.br\/home\/wp-json\/wp\/v2\/types\/post"}],"author":[{"embeddable":true,"href":"https:\/\/goiasemtempo.com.br\/home\/wp-json\/wp\/v2\/users\/2"}],"replies":[{"embeddable":true,"href":"https:\/\/goiasemtempo.com.br\/home\/wp-json\/wp\/v2\/comments?post=4167"}],"version-history":[{"count":1,"href":"https:\/\/goiasemtempo.com.br\/home\/wp-json\/wp\/v2\/posts\/4167\/revisions"}],"predecessor-version":[{"id":4168,"href":"https:\/\/goiasemtempo.com.br\/home\/wp-json\/wp\/v2\/posts\/4167\/revisions\/4168"}],"wp:featuredmedia":[{"embeddable":true,"href":"https:\/\/goiasemtempo.com.br\/home\/wp-json\/wp\/v2\/media\/1473"}],"wp:attachment":[{"href":"https:\/\/goiasemtempo.com.br\/home\/wp-json\/wp\/v2\/media?parent=4167"}],"wp:term":[{"taxonomy":"category","embeddable":true,"href":"https:\/\/goiasemtempo.com.br\/home\/wp-json\/wp\/v2\/categories?post=4167"},{"taxonomy":"post_tag","embeddable":true,"href":"https:\/\/goiasemtempo.com.br\/home\/wp-json\/wp\/v2\/tags?post=4167"}],"curies":[{"name":"wp","href":"https:\/\/api.w.org\/{rel}","templated":true}]}}