{"id":41669,"date":"2018-11-06T22:36:59","date_gmt":"2018-11-06T22:36:59","guid":{"rendered":"https:\/\/goiasemtempo.com.br\/home\/?p=41669"},"modified":"2018-11-06T22:36:59","modified_gmt":"2018-11-06T22:36:59","slug":"moro-propoe-mais-rigor-para-progressao-de-pena-e-prescricao-de-crimes","status":"publish","type":"post","link":"https:\/\/goiasemtempo.com.br\/home\/moro-propoe-mais-rigor-para-progressao-de-pena-e-prescricao-de-crimes\/","title":{"rendered":"Moro prop\u00f5e mais rigor para progress\u00e3o de pena e prescri\u00e7\u00e3o de crimes"},"content":{"rendered":"<p>Na primeira entrevista coletiva concedida ap\u00f3s\u00a0ter\u00a0aceitado o convite para ser ministro da Justi\u00e7a, o juiz federal Sergio Moro afirmou hoje\u00a0(6), em Curitiba, que\u00a0pretende apresentar um conjunto de projetos de lei para combater a corrup\u00e7\u00e3o e enfrentar o crime organizado. A ideia geral, segundo o magistrado, \u00e9 resgatar parte do pacote\u00a0de 10 medidas contra a corrup\u00e7\u00e3o proposto pelo Minist\u00e9rio P\u00fablico Federal (MPF), mas que n\u00e3o avan\u00e7ou no Congresso Nacional, al\u00e9m de outras iniciativas apresentadas por\u00a0organiza\u00e7\u00f5es da sociedade civil, como a Funda\u00e7\u00e3o Get\u00falio Vargas (FGV) e a Transpar\u00eancia Internacional.<\/p>\n<p>&#8220;A ideia \u00e9 que essas reformas sejam propostas simples e que possam ser aprovadas em breve tempo, sem preju\u00edzo que propostas mais complexas sejam apresentadas em\u00a0momento posterior ou paralelamente&#8221;, explicou. Ele citou alguns exemplos do que pretende enviar ao Congresso, mas ressaltou que a vers\u00e3o final das propostas, ainda em estudo,\u00a0dever\u00e3o ser precedidas de um acordo interno que ser\u00e1 constru\u00eddo com o presidente eleito, Jair Bolsonaro.\u00a0O objetivo \u00e9 aprovar essas medidas ainda nos primeiros seis meses de governo.<\/p>\n<p>Entre as medidas propostas por Moro, est\u00e1 a altera\u00e7\u00e3o das atuais regras de prescri\u00e7\u00e3o dos crimes, a possibilidade de deixar mais claro na legisla\u00e7\u00e3o o cumprimento da\u00a0pris\u00e3o ap\u00f3s condena\u00e7\u00e3o em\u00a0segunda\u00a0inst\u00e2ncia.\u00a0 A previs\u00e3o da execu\u00e7\u00e3o das senten\u00e7as dos tribunais do j\u00fari tamb\u00e9m foi apontada pelo futuro ministro. &#8220;J\u00e1 existe um\u00a0precedente da 1\u00aa turma do Supremo Tribunal Federal admitindo que o veredicto do tribunal do j\u00fari sobre crime de homic\u00eddio possa ser executados independentemente de\u00a0recursos. Num quadro grave de epidemia de homic\u00eddios, me parece importante essa medida&#8221;, afirmou.<\/p>\n<p>Moro tamb\u00e9m sugeriu a proibi\u00e7\u00e3o de progress\u00e3o de regime prisional quando houver prova de liga\u00e7\u00e3o do preso com organiza\u00e7\u00f5es criminosas. &#8220;Se existem provas de que o\u00a0preso mantem v\u00ednculos com organiza\u00e7\u00f5es criminosas, significa que ele n\u00e3o est\u00e1 pronto pra ressocializa\u00e7\u00e3o&#8221;, argumentou. Ele tamb\u00e9m falou em uma regulamenta\u00e7\u00e3o mais\u00a0clara para a utiliza\u00e7\u00e3o de policiais disfar\u00e7ados em opera\u00e7\u00f5es para desbaratar o crime organizado. &#8221; A nossa legisla\u00e7\u00e3o, embora permita esse tipo de comportamento, n\u00e3o\u00a0\u00e9 totalmente clara&#8221;, justificou.<\/p>\n<h2>Medidas do Executivo<\/h2>\n<p>Al\u00e9m dos projetos de lei, Sergio Moro afirmou que pretende incrementar o controle de comunica\u00e7\u00f5es de detentos. &#8220;A pris\u00e3o tem que neutralizar a possibilidade dessas pessoas comandarem crime de dentro [dos pres\u00eddios]&#8221;, afirmou. Ele tamb\u00e9m falou em ampliar a base de dados gen\u00e9ticos, como forma de aprimorar a elucida\u00e7\u00e3o de crimes.<\/p>\n<p>O futuro ministro ainda falou em uma &#8220;progressiva profissionaliza\u00e7\u00e3o do servi\u00e7o p\u00fablico civil&#8221;, sugerindo que cargos em comiss\u00e3o deveriam ser ocupados por meio de concursos. Ele disse que sua ideia de combate ao crime organizado n\u00e3o dar\u00e1 prioridade ao confronto policial, a n\u00e3o ser em situa\u00e7\u00f5es extremas, como o enfrentamento de \u00e1reas dominadas pelo crime organizado. &#8220;O confrontamento pode acontecer, mas ele \u00e9 sempre indesej\u00e1vel. a boa opera\u00e7\u00e3o policial \u00e9 a que nigu\u00e9m se machuca&#8221;, diz.<\/p>\n<p>Ele disse tamb\u00e9m que n\u00e3o permitir\u00e1 o uso do aparato federal de seguran\u00e7a p\u00fablica para perseguir advers\u00e1rios pol\u00edticos do governo. &#8220;\u00c9 um pouco estranho dizer isso, mas n\u00e3o existe a menor chance de utiliza\u00e7\u00e3o do Minist\u00e9rio da Justi\u00e7a e da pol\u00edcia para persegui\u00e7\u00e3o pol\u00edtica. Isso n\u00e3o aconteceu na Lava Jato, n\u00e3o vai ser no minist\u00e9rio que vou come\u00e7ar a realizar isso&#8221;, acrescentou.<\/p>\n<h2>Desafio<\/h2>\n<p>Ao explicar os motivos de\u00a0ter\u00a0aceitado o convite para ser ministro da Justi\u00e7a, Sergio Moro disse que n\u00e3o se trata de um projeto pessoal, mas a perspectiva de implementar uma agenda ampla de combate \u00e0 corrup\u00e7\u00e3o e o crime organizado. Ele disse que, apesar de a\u00a0Opera\u00e7\u00e3o Lava Jato\u00a0ter\u00a0quebrado uma &#8220;tradi\u00e7\u00e3o de impunidade&#8221; no Brasil, ele temia uma regress\u00e3o nos mecanismos de combate \u00e0 corrup\u00e7\u00e3o.<\/p>\n<p>&#8220;Foram diversos momentos em que surgiram informa\u00e7\u00f5es sobre projetos de lei em tr\u00e2mite no Congresso, que poderiam afetar o trabalho que se realizava e o projeto\u00a0de abuso de autoridade, que sem cuidados poderia ser uma criminaliza\u00e7\u00e3o da atividade hermen\u00eautica&#8221;, comentou.<\/p>\n<p>Sem entrar em detalhes, Moro disse que h\u00e1 &#8220;converg\u00eancias&#8221; e &#8220;diverg\u00eancias&#8221; entre ele e Bolsonaro, mas classificou o presidente eleito como uma pessoa &#8220;bastante\u00a0ponderada&#8221; e disse que ambos poder\u00e3o encontrar &#8220;um meio termo&#8221; nas quest\u00f5es de governo.<\/p>\n<h2>Convite<\/h2>\n<p>Moro revelou que foi sondado no dia\u00a023 de outubro\u00a0pelo economista Paulo Guedes, futuro ministro da Economia, se teria interesse em participar do governo. Na\u00a0quinta-feira passada (1\u00ba), j\u00e1 eleito, Bolsonaro e Moro se reuniram no Rio\u00a0de Janeiro\u00a0para sacramentar a indica\u00e7\u00e3o para o minist\u00e9rio.<\/p>\n<p>&#8220;Isso [o convite] n\u00e3o tem nada a ver com o processo do ex-presidente Luiz In\u00e1cio Lula da Silva. Ele foi condenado e preso porque cometeu um crime e n\u00e3o por causa das elei\u00e7\u00f5es&#8221;, rebateu, em rela\u00e7\u00e3o \u00e0s cr\u00edticas de que ele teria agido politicamente na condena\u00e7\u00e3o do ex-presidente, que abriu caminho para a sua pris\u00e3o e consequente inabilita\u00e7\u00e3o para concorrer \u00e0s elei\u00e7\u00f5es\u00a0de outubro.<\/p>\n<p>&#8220;Interpretaram minha ida como uma esp\u00e9cie de recompensa, [mas] minha decis\u00e3o foi tomada em 2017, sem qualquer perspectiva de que o deputado federal [Bolsonaro] fosse eleito presidente da Rep\u00fablica. [&#8230;] N\u00e3o posso pautar minha vida numa fantasia, num \u00e1libi falso de persegui\u00e7\u00e3o pol\u00edtica&#8221;,\u00a0<em>afirmou.\u00a0<\/em><\/p>\n<p><em>*Texto ampliado \u00e0s 18h50<\/em><\/p>\n","protected":false},"excerpt":{"rendered":"<p>Na primeira entrevista coletiva concedida ap\u00f3s\u00a0ter\u00a0aceitado o convite para ser ministro da Justi\u00e7a, o juiz federal Sergio Moro afirmou hoje\u00a0(6), em Curitiba, que\u00a0pretende apresentar um conjunto de projetos de lei para combater a corrup\u00e7\u00e3o e enfrentar o crime organizado. A ideia geral, segundo o magistrado, \u00e9 resgatar parte do pacote\u00a0de 10 medidas contra a corrup\u00e7\u00e3o &hellip;<\/p>\n","protected":false},"author":3,"featured_media":41670,"comment_status":"open","ping_status":"open","sticky":false,"template":"","format":"standard","meta":{"_exactmetrics_skip_tracking":false,"_exactmetrics_sitenote_active":false,"_exactmetrics_sitenote_note":"","_exactmetrics_sitenote_category":0,"footnotes":""},"categories":[4],"tags":[],"_links":{"self":[{"href":"https:\/\/goiasemtempo.com.br\/home\/wp-json\/wp\/v2\/posts\/41669"}],"collection":[{"href":"https:\/\/goiasemtempo.com.br\/home\/wp-json\/wp\/v2\/posts"}],"about":[{"href":"https:\/\/goiasemtempo.com.br\/home\/wp-json\/wp\/v2\/types\/post"}],"author":[{"embeddable":true,"href":"https:\/\/goiasemtempo.com.br\/home\/wp-json\/wp\/v2\/users\/3"}],"replies":[{"embeddable":true,"href":"https:\/\/goiasemtempo.com.br\/home\/wp-json\/wp\/v2\/comments?post=41669"}],"version-history":[{"count":1,"href":"https:\/\/goiasemtempo.com.br\/home\/wp-json\/wp\/v2\/posts\/41669\/revisions"}],"predecessor-version":[{"id":41671,"href":"https:\/\/goiasemtempo.com.br\/home\/wp-json\/wp\/v2\/posts\/41669\/revisions\/41671"}],"wp:featuredmedia":[{"embeddable":true,"href":"https:\/\/goiasemtempo.com.br\/home\/wp-json\/wp\/v2\/media\/41670"}],"wp:attachment":[{"href":"https:\/\/goiasemtempo.com.br\/home\/wp-json\/wp\/v2\/media?parent=41669"}],"wp:term":[{"taxonomy":"category","embeddable":true,"href":"https:\/\/goiasemtempo.com.br\/home\/wp-json\/wp\/v2\/categories?post=41669"},{"taxonomy":"post_tag","embeddable":true,"href":"https:\/\/goiasemtempo.com.br\/home\/wp-json\/wp\/v2\/tags?post=41669"}],"curies":[{"name":"wp","href":"https:\/\/api.w.org\/{rel}","templated":true}]}}