{"id":41666,"date":"2018-11-06T13:00:34","date_gmt":"2018-11-06T13:00:34","guid":{"rendered":"https:\/\/goiasemtempo.com.br\/home\/?p=41666"},"modified":"2018-11-06T13:00:34","modified_gmt":"2018-11-06T13:00:34","slug":"nao-pretendo-jamais-disputar-uma-eleicao-diz-sergio-moro-em-curitiba","status":"publish","type":"post","link":"https:\/\/goiasemtempo.com.br\/home\/nao-pretendo-jamais-disputar-uma-eleicao-diz-sergio-moro-em-curitiba\/","title":{"rendered":"&#8216;N\u00e3o pretendo jamais disputar uma elei\u00e7\u00e3o&#8217;, diz S\u00e9rgio Moro em Curitiba"},"content":{"rendered":"<p>O juiz federal Sergio Moro afirmou nesta segunda-feira (5) que n\u00e3o descumpriu a promessa que fez de n\u00e3o ingressar na pol\u00edtica ao aceitar o cargo de ministro da Justi\u00e7a do governo do presidente eleito, Jair Bolsonaro (PSL), e que considera que este ser\u00e1 um posto predominante t\u00e9cnico.<\/p>\n<p>&#8220;N\u00e3o pretendo jamais disputar um cargo eletivo&#8221;, afirmou numa palestra em Curitiba na noite desta segunda, primeira participa\u00e7\u00e3o dele em um evento p\u00fablico depois de aceitar o convite de Bolsonaro.<\/p>\n<p>Moro tamb\u00e9m disse que far\u00e1 parte do governo de\u00a0Bolsonaro\u00a0porque percebeu que h\u00e1 uma s\u00e9rie de receios &#8220;infundados&#8221; em rela\u00e7\u00e3o \u00e0 gest\u00e3o do pr\u00f3ximo presidente e que poderia colaborar para &#8220;desanuviar&#8221; essas d\u00favidas.<\/p>\n<p>&#8220;Eu sou um homem da lei. Tamb\u00e9m achei que minha participa\u00e7\u00e3o poderia contribuir para afastar esses receios infundados&#8221;, afirmou, ressaltando n\u00e3o acreditar que Bolsonaro far\u00e1 um governo autorit\u00e1rio.<\/p>\n<p>Ao lamentar sua sa\u00edda da magistratura, que ocupa h\u00e1 22 anos, Moro disse que aceitou a indica\u00e7\u00e3o para o cargo no Executivo porque considera que poder\u00e1 avan\u00e7ar em pautas anticorrup\u00e7\u00e3o e contra o crime organizado.<\/p>\n<p>&#8220;N\u00e3o pretendo jamais disputar um cargo eletivo&#8221;, afirmou numa palestra em Curitiba na noite desta segunda, primeira participa\u00e7\u00e3o dele em um evento p\u00fablico depois de aceitar o convite de Bolsonaro.<\/p>\n<p>Moro tamb\u00e9m disse que far\u00e1 parte do governo de\u00a0Bolsonaro\u00a0porque percebeu que h\u00e1 uma s\u00e9rie de receios &#8220;infundados&#8221; em rela\u00e7\u00e3o \u00e0 gest\u00e3o do pr\u00f3ximo presidente e que poderia colaborar para &#8220;desanuviar&#8221; essas d\u00favidas.<\/p>\n<p>&#8220;Eu sou um homem da lei. Tamb\u00e9m achei que minha participa\u00e7\u00e3o poderia contribuir para afastar esses receios infundados&#8221;, afirmou, ressaltando n\u00e3o acreditar que Bolsonaro far\u00e1 um governo autorit\u00e1rio.<\/p>\n<p>Ao lamentar sua sa\u00edda da magistratura, que ocupa h\u00e1 22 anos, Moro disse que aceitou a indica\u00e7\u00e3o para o cargo no Executivo porque considera que poder\u00e1 avan\u00e7ar em pautas anticorrup\u00e7\u00e3o e contra o crime organizado.<\/p>\n<p>Afirmou ainda que j\u00e1 est\u00e1 elaborando projetos nesse sentido para encaminhar ao Legislativo\u00a0a partir de janeiro. Com informa\u00e7\u00f5es da Folhapress.<\/p>\n","protected":false},"excerpt":{"rendered":"<p>O juiz federal Sergio Moro afirmou nesta segunda-feira (5) que n\u00e3o descumpriu a promessa que fez de n\u00e3o ingressar na pol\u00edtica ao aceitar o cargo de ministro da Justi\u00e7a do governo do presidente eleito, Jair Bolsonaro (PSL), e que considera que este ser\u00e1 um posto predominante t\u00e9cnico. &#8220;N\u00e3o pretendo jamais disputar um cargo eletivo&#8221;, afirmou &hellip;<\/p>\n","protected":false},"author":3,"featured_media":41667,"comment_status":"open","ping_status":"open","sticky":false,"template":"","format":"standard","meta":{"_exactmetrics_skip_tracking":false,"_exactmetrics_sitenote_active":false,"_exactmetrics_sitenote_note":"","_exactmetrics_sitenote_category":0,"footnotes":""},"categories":[2],"tags":[],"_links":{"self":[{"href":"https:\/\/goiasemtempo.com.br\/home\/wp-json\/wp\/v2\/posts\/41666"}],"collection":[{"href":"https:\/\/goiasemtempo.com.br\/home\/wp-json\/wp\/v2\/posts"}],"about":[{"href":"https:\/\/goiasemtempo.com.br\/home\/wp-json\/wp\/v2\/types\/post"}],"author":[{"embeddable":true,"href":"https:\/\/goiasemtempo.com.br\/home\/wp-json\/wp\/v2\/users\/3"}],"replies":[{"embeddable":true,"href":"https:\/\/goiasemtempo.com.br\/home\/wp-json\/wp\/v2\/comments?post=41666"}],"version-history":[{"count":1,"href":"https:\/\/goiasemtempo.com.br\/home\/wp-json\/wp\/v2\/posts\/41666\/revisions"}],"predecessor-version":[{"id":41668,"href":"https:\/\/goiasemtempo.com.br\/home\/wp-json\/wp\/v2\/posts\/41666\/revisions\/41668"}],"wp:featuredmedia":[{"embeddable":true,"href":"https:\/\/goiasemtempo.com.br\/home\/wp-json\/wp\/v2\/media\/41667"}],"wp:attachment":[{"href":"https:\/\/goiasemtempo.com.br\/home\/wp-json\/wp\/v2\/media?parent=41666"}],"wp:term":[{"taxonomy":"category","embeddable":true,"href":"https:\/\/goiasemtempo.com.br\/home\/wp-json\/wp\/v2\/categories?post=41666"},{"taxonomy":"post_tag","embeddable":true,"href":"https:\/\/goiasemtempo.com.br\/home\/wp-json\/wp\/v2\/tags?post=41666"}],"curies":[{"name":"wp","href":"https:\/\/api.w.org\/{rel}","templated":true}]}}