{"id":4131,"date":"2017-12-24T15:52:14","date_gmt":"2017-12-24T15:52:14","guid":{"rendered":"http:\/\/goiasemtempo.com.br\/home\/?p=4131"},"modified":"2017-12-24T15:52:14","modified_gmt":"2017-12-24T15:52:14","slug":"comemoracao-de-cristovao-colombo-e-questionada-nos-eua","status":"publish","type":"post","link":"https:\/\/goiasemtempo.com.br\/home\/comemoracao-de-cristovao-colombo-e-questionada-nos-eua\/","title":{"rendered":"Comemora\u00e7\u00e3o de Crist\u00f3v\u00e3o Colombo \u00e9 questionada nos EUA"},"content":{"rendered":"<p>Como em outras cidades dos Estados Unidos, Nova York se pergunta se ainda \u00e9 poss\u00edvel comemorar o Columbus Day, em homenagem ao descobridor da Am\u00e9rica, Crist\u00f3v\u00e3o Colombo, em meio ao debate sobre a hist\u00f3ria e o racismo no pa\u00eds.<\/p>\n<p>Viemos para o final de semana e trouxemos nossos filhos: queremos ver o desfile e as est\u00e1tuas antes que deixem de existir, disse Ruth Edelstein-Friedman, que viajou de Miami para assistir ao desfile do Columbus Day na 5\u00aa Avenida, que recorda a chegada do navegador genov\u00eas \u00e0s Bahamas, em outubro de 1492.<\/p>\n<p>Para ela e seu marido, Eduardo, o que acontecer\u00e1 no futuro est\u00e1 claro: ap\u00f3s a pol\u00eamica sobre os s\u00edmbolos confederados, que levou \u00e0 retirada das est\u00e1tuas de generais sudistas consideradas como recorda\u00e7\u00f5es da escravid\u00e3o e do racismo, acabar\u00e3o as homenagens a Colombo, percebido como a encarna\u00e7\u00e3o do genoc\u00eddio sofrido pelos povos ind\u00edgenas das Am\u00e9ricas.<\/p>\n<p>Mas at\u00e9 o momento ningu\u00e9m anunciou o fim do desfile em Nova York, que a cada ano re\u00fane mais de um milh\u00e3o de pessoas para celebrar n\u00e3o apenas o navegante genov\u00eas, mas a poderosa comunidade \u00edtalo-americana, representada no mais alto n\u00edvel pelo prefeito Bill de Blasio e o governador do estado de Nova York, Andrew Cuomo.<\/p>\n<p>Em contraste com o entusiasmo de Nova York com Colombo, dezenas de cidades americanas est\u00e3o substituindo o Columbus Day &#8211; que desde 1937 \u00e9 feriado nacional &#8211; por um dia de homenagem aos povos ind\u00edgenas.<\/p>\n<p>Berkeley, um basti\u00e3o da esquerda na Calif\u00f3rnia, foi a primeira cidade a tomar tal decis\u00e3o, seguida por mais de 50 cidades, incluindo Los Angeles, que em agosto decidiu por vota\u00e7\u00e3o trocar Colombo pelos ind\u00edgenas.<\/p>\n<p>Mas at\u00e9 mesmo em Nova York a mem\u00f3ria de Colombo est\u00e1 amea\u00e7a. Est\u00e1tuas s\u00e3o pichadas ou alvo de protestos que recordam o genoc\u00eddio e a escravid\u00e3o dos povos descobertos pelo navegador no Novo Mundo.<\/p>\n<p>Nas redes sociais, s\u00e3o cada vez mais numerosas as mensagens a favor da remo\u00e7\u00e3o das est\u00e1tuas e do fim das homenagens, mas h\u00e1 tamb\u00e9m os que criticam o revisionismo da hist\u00f3ria.<\/p>\n<p>Ap\u00f3s os atos de viol\u00eancia cometidos por grupos neonazistas em Charlottesville e o posterior debate sobre os s\u00edmbolos do racismo, o prefeito de Nova York designou em agosto uma comiss\u00e3o encarregada de decidir o que fazer com os monumentos mais pol\u00eamicos.<\/p>\n<p>O parecer da comiss\u00e3o, anunciou Di Blasio, ser\u00e1 conhecido no in\u00edcio de dezembro, um m\u00eas ap\u00f3s as elei\u00e7\u00f5es municipais, na qual o prefeito tentar\u00e1 a reelei\u00e7\u00e3o.<\/p>\n","protected":false},"excerpt":{"rendered":"<p>Como em outras cidades dos Estados Unidos, Nova York se pergunta se ainda \u00e9 poss\u00edvel comemorar o Columbus Day, em homenagem ao descobridor da Am\u00e9rica, Crist\u00f3v\u00e3o Colombo, em meio ao debate sobre a hist\u00f3ria e o racismo no pa\u00eds. Viemos para o final de semana e trouxemos nossos filhos: queremos ver o desfile e as &hellip;<\/p>\n","protected":false},"author":2,"featured_media":1455,"comment_status":"open","ping_status":"open","sticky":false,"template":"","format":"standard","meta":{"footnotes":""},"categories":[4],"tags":[],"class_list":["post-4131","post","type-post","status-publish","format-standard","has-post-thumbnail","hentry","category-ultimas-noticias"],"_links":{"self":[{"href":"https:\/\/goiasemtempo.com.br\/home\/wp-json\/wp\/v2\/posts\/4131","targetHints":{"allow":["GET"]}}],"collection":[{"href":"https:\/\/goiasemtempo.com.br\/home\/wp-json\/wp\/v2\/posts"}],"about":[{"href":"https:\/\/goiasemtempo.com.br\/home\/wp-json\/wp\/v2\/types\/post"}],"author":[{"embeddable":true,"href":"https:\/\/goiasemtempo.com.br\/home\/wp-json\/wp\/v2\/users\/2"}],"replies":[{"embeddable":true,"href":"https:\/\/goiasemtempo.com.br\/home\/wp-json\/wp\/v2\/comments?post=4131"}],"version-history":[{"count":1,"href":"https:\/\/goiasemtempo.com.br\/home\/wp-json\/wp\/v2\/posts\/4131\/revisions"}],"predecessor-version":[{"id":4132,"href":"https:\/\/goiasemtempo.com.br\/home\/wp-json\/wp\/v2\/posts\/4131\/revisions\/4132"}],"wp:featuredmedia":[{"embeddable":true,"href":"https:\/\/goiasemtempo.com.br\/home\/wp-json\/wp\/v2\/media\/1455"}],"wp:attachment":[{"href":"https:\/\/goiasemtempo.com.br\/home\/wp-json\/wp\/v2\/media?parent=4131"}],"wp:term":[{"taxonomy":"category","embeddable":true,"href":"https:\/\/goiasemtempo.com.br\/home\/wp-json\/wp\/v2\/categories?post=4131"},{"taxonomy":"post_tag","embeddable":true,"href":"https:\/\/goiasemtempo.com.br\/home\/wp-json\/wp\/v2\/tags?post=4131"}],"curies":[{"name":"wp","href":"https:\/\/api.w.org\/{rel}","templated":true}]}}