{"id":41295,"date":"2018-10-23T20:15:33","date_gmt":"2018-10-23T20:15:33","guid":{"rendered":"https:\/\/goiasemtempo.com.br\/home\/?p=41295"},"modified":"2018-10-23T20:16:18","modified_gmt":"2018-10-23T20:16:18","slug":"sinpol-repudia-possivel-retirada-de-promocao-da-policia-civil-concedida-em-outubro","status":"publish","type":"post","link":"https:\/\/goiasemtempo.com.br\/home\/sinpol-repudia-possivel-retirada-de-promocao-da-policia-civil-concedida-em-outubro\/","title":{"rendered":"Sinpol repudia poss\u00edvel retirada de promo\u00e7\u00e3o da Pol\u00edcia Civil concedida em Outubro"},"content":{"rendered":"<p>O Sindicato dos Policiais Civis de Goi\u00e1s (Sinpol) e dos Delegados de Pol\u00edcia do Estado de Goi\u00e1s (Sindepol) divulgaram nota de rep\u00fadio nesta ter\u00e7a-feira (23) sobre a retirada da promo\u00e7\u00e3o de delegados, agentes, escriv\u00e3es e papiloscopistas da Pol\u00edcia Civil de Goi\u00e1s (PC-GO), que havia sido concedida \u00e0 categoria por meio de decreto, publicado no Di\u00e1rio Oficial do Estado, no dia 8 de outubro de 2018.<\/p>\n<p>O presidente do Sinpol, Paulo S\u00e9rgio, informou que a ordem teria partido da Secretaria de Gest\u00e3o e Planejamento de Goi\u00e1s (Segplan), de retirar a promo\u00e7\u00e3o do contracheque dos servidores.<\/p>\n<p>\u201cAgora, j\u00e1 com a promo\u00e7\u00e3o no contracheque \u2013 ou seja, o policial que havia sido promovido de primeira para a classe especial, por exemplo \u2013 houve uma ordem verbal da Segplan para que fosse retirado do contracheque essa promo\u00e7\u00e3o, tanto o cargo que alcan\u00e7ou com a promo\u00e7\u00e3o quanto o valor a mais que deveria receber. Isso nos causa extremo espanto, apesar de este governo ter um hist\u00f3rico de desrespeito aos direitos do trabalhador, que nos retiraram ao longo na hist\u00f3ria diversos direitos, a promo\u00e7\u00e3o \u00e9 um direito do trabalhador, impl\u00edcito\u201d, disse.<\/p>\n<p>Segundo Paulo S\u00e9rgio, a categoria acionar\u00e1 a Justi\u00e7a para impedir a retirada da promo\u00e7\u00e3o. \u201cVoc\u00ea trabalha, se dedica, fica anos naquela classe almejando receber essa devida e merecida promo\u00e7\u00e3o. Agora, pela primeira vez na hist\u00f3ria um governo faz isso, manda despromover. J\u00e1 acionamos os advogados, j\u00e1 v\u00e3o preparar o rem\u00e9dio jur\u00eddico que acharem necess\u00e1rio, mas esta semana j\u00e1 vamos entrar com a\u00e7\u00e3o\u201d, ressaltou.<\/p>\n<h4><strong>Outro lado<\/strong><\/h4>\n<p>O Di\u00e1rio de Goi\u00e1s procurou a Secretaria de Seguran\u00e7a P\u00fablica de Goi\u00e1s (SSP-GO), que informou que houve um erro no sistema da Segplan, e que a retirada da promo\u00e7\u00e3o n\u00e3o foi intencional.\u00a0Procurada, a Segplan n\u00e3o se posicionou sobre o fato.<\/p>\n<p>Com Informa\u00e7\u00f5es do Di\u00e1rio de Goi\u00e1s<\/p>\n<div class=\"google-auto-placed ap_container\"><\/div>\n","protected":false},"excerpt":{"rendered":"<p>O Sindicato dos Policiais Civis de Goi\u00e1s (Sinpol) e dos Delegados de Pol\u00edcia do Estado de Goi\u00e1s (Sindepol) divulgaram nota de rep\u00fadio nesta ter\u00e7a-feira (23) sobre a retirada da promo\u00e7\u00e3o de delegados, agentes, escriv\u00e3es e papiloscopistas da Pol\u00edcia Civil de Goi\u00e1s (PC-GO), que havia sido concedida \u00e0 categoria por meio de decreto, publicado no Di\u00e1rio &hellip;<\/p>\n","protected":false},"author":3,"featured_media":41296,"comment_status":"open","ping_status":"open","sticky":false,"template":"","format":"standard","meta":{"_exactmetrics_skip_tracking":false,"_exactmetrics_sitenote_active":false,"_exactmetrics_sitenote_note":"","_exactmetrics_sitenote_category":0,"footnotes":""},"categories":[15],"tags":[],"_links":{"self":[{"href":"https:\/\/goiasemtempo.com.br\/home\/wp-json\/wp\/v2\/posts\/41295"}],"collection":[{"href":"https:\/\/goiasemtempo.com.br\/home\/wp-json\/wp\/v2\/posts"}],"about":[{"href":"https:\/\/goiasemtempo.com.br\/home\/wp-json\/wp\/v2\/types\/post"}],"author":[{"embeddable":true,"href":"https:\/\/goiasemtempo.com.br\/home\/wp-json\/wp\/v2\/users\/3"}],"replies":[{"embeddable":true,"href":"https:\/\/goiasemtempo.com.br\/home\/wp-json\/wp\/v2\/comments?post=41295"}],"version-history":[{"count":2,"href":"https:\/\/goiasemtempo.com.br\/home\/wp-json\/wp\/v2\/posts\/41295\/revisions"}],"predecessor-version":[{"id":41298,"href":"https:\/\/goiasemtempo.com.br\/home\/wp-json\/wp\/v2\/posts\/41295\/revisions\/41298"}],"wp:featuredmedia":[{"embeddable":true,"href":"https:\/\/goiasemtempo.com.br\/home\/wp-json\/wp\/v2\/media\/41296"}],"wp:attachment":[{"href":"https:\/\/goiasemtempo.com.br\/home\/wp-json\/wp\/v2\/media?parent=41295"}],"wp:term":[{"taxonomy":"category","embeddable":true,"href":"https:\/\/goiasemtempo.com.br\/home\/wp-json\/wp\/v2\/categories?post=41295"},{"taxonomy":"post_tag","embeddable":true,"href":"https:\/\/goiasemtempo.com.br\/home\/wp-json\/wp\/v2\/tags?post=41295"}],"curies":[{"name":"wp","href":"https:\/\/api.w.org\/{rel}","templated":true}]}}