{"id":41285,"date":"2018-10-23T19:12:45","date_gmt":"2018-10-23T19:12:45","guid":{"rendered":"https:\/\/goiasemtempo.com.br\/home\/?p=41285"},"modified":"2018-10-23T19:12:45","modified_gmt":"2018-10-23T19:12:45","slug":"mourao-diz-que-vai-processar-geraldo-azevedo-que-o-chamou-de-torturador","status":"publish","type":"post","link":"https:\/\/goiasemtempo.com.br\/home\/mourao-diz-que-vai-processar-geraldo-azevedo-que-o-chamou-de-torturador\/","title":{"rendered":"Mour\u00e3o diz que vai processar Geraldo Azevedo que o chamou de torturador"},"content":{"rendered":"<p>O general Hamilton Mour\u00e3o, candidato a vice-presidente na chapa de Jair Bolsonaro (PSL), afirmou\u00a0hoje\u00a0(23), em nota, que vai denunciar o cantor Geraldo Azevedo por \u201cdeclara\u00e7\u00e3o difamat\u00f3ria\u201d. O artista disse que o militar foi um dos seus torturadores na ditadura, depois afirmou\u00a0ter\u00a0se equivocado. Como a afirma\u00e7\u00e3o de Azevedo foi reproduzida pelo candidato do PT \u00e0 Presid\u00eancia, Fernando Haddad, Mour\u00e3o disse que tamb\u00e9m recorrer\u00e1 \u00e0 Justi\u00e7a.<\/p>\n<p>No comunicado, Mour\u00e3o afirmou que, em 1969 &#8211; quando Azevedo foi torturado -, era estudante do Col\u00e9gio Militar de Porto Alegre e tinha 16 anos. Para o general, a acusa\u00e7\u00e3o \u00e9 uma falsa not\u00edcia\u00a0para disseminar informa\u00e7\u00f5es erradas sobre a campanha de Bolsonaro. \u201cTrata-se, portanto, de uma\u00a0<em>fake news<\/em>, no desespero de se criar fatos novos pelos simpatizantes da chapa concorrente de Fernando Haddad e aliados.\u201d<\/p>\n<p>Ao citar Haddad, Mour\u00e3o n\u00e3o entra em detalhes. \u201cQuanto \u00e0 quest\u00e3o da repercuss\u00e3o das frases do candidato Haddad, que reproduz tais fakes, tamb\u00e9m tomaremos as devidas provid\u00eancias judiciais\u201d.<\/p>\n<p>A nota \u00e9 assinada pelo presidente nacional do PRTB, Levy Fidelix, e pelo pr\u00f3prio Mour\u00e3o.<\/p>\n<h2>Mem\u00f3ria<\/h2>\n<p>No\u00a0s\u00e1bado\u00a0(20), Azevedo durante\u00a0<em>show<\/em>\u00a0em Jacobina, na Bahia, fez a acusa\u00e7\u00e3o contra Mour\u00e3o. \u201c\u00c9 uma coisa indignante, cara. Eu fui preso duas vezes na ditadura. Fui torturado. Voc\u00ea n\u00e3o sabe o que \u00e9 tortura, n\u00e3o. Esse Mour\u00e3o era um dos torturadores l\u00e1. Eu fico impressionado com o brasileiro n\u00e3o presta\u00a0aten\u00e7\u00e3o nas evolu\u00e7\u00f5es humanas.\u201d<\/p>\n<p>Em seguida, ainda em tom de desabafo, o cantor acrescentou: \u201cEu n\u00e3o sei se isso aqui vai entrar em algum choque com a prefeitura, mas \u00e9 o meu sentimento de indigna\u00e7\u00e3o em rela\u00e7\u00e3o com o que pode acontecer com o Brasil. Essa alegria toda que a gente est\u00e1 tendo aqui vai se perder. O Brasil vai ficar muito ruim, muito ruim, se esse cara ganhar\u201d.<\/p>\n<p>Por\u00e9m,\u00a0hoje, por meio da sua assessoria, Geraldo Azevedo afirmou\u00a0ter\u00a0se equivocado na refer\u00eancia a Mour\u00e3o, que n\u00e3o foi um de seus torturados. \u201cGeraldo Azevedo se desculpa pelo transtorno causado por seu equ\u00edvoco e reafirma sua opini\u00e3o de que n\u00e3o h\u00e1 espa\u00e7o, no Brasil de\u00a0hoje, para a volta de um regime que tem a tortura como pol\u00edtica de Estado e que cerceia as liberdades individuais e de imprensa.&#8221;<\/p>\n","protected":false},"excerpt":{"rendered":"<p>O general Hamilton Mour\u00e3o, candidato a vice-presidente na chapa de Jair Bolsonaro (PSL), afirmou\u00a0hoje\u00a0(23), em nota, que vai denunciar o cantor Geraldo Azevedo por \u201cdeclara\u00e7\u00e3o difamat\u00f3ria\u201d. O artista disse que o militar foi um dos seus torturadores na ditadura, depois afirmou\u00a0ter\u00a0se equivocado. Como a afirma\u00e7\u00e3o de Azevedo foi reproduzida pelo candidato do PT \u00e0 Presid\u00eancia, &hellip;<\/p>\n","protected":false},"author":3,"featured_media":41286,"comment_status":"open","ping_status":"open","sticky":false,"template":"","format":"standard","meta":{"_exactmetrics_skip_tracking":false,"_exactmetrics_sitenote_active":false,"_exactmetrics_sitenote_note":"","_exactmetrics_sitenote_category":0,"footnotes":""},"categories":[2],"tags":[],"_links":{"self":[{"href":"https:\/\/goiasemtempo.com.br\/home\/wp-json\/wp\/v2\/posts\/41285"}],"collection":[{"href":"https:\/\/goiasemtempo.com.br\/home\/wp-json\/wp\/v2\/posts"}],"about":[{"href":"https:\/\/goiasemtempo.com.br\/home\/wp-json\/wp\/v2\/types\/post"}],"author":[{"embeddable":true,"href":"https:\/\/goiasemtempo.com.br\/home\/wp-json\/wp\/v2\/users\/3"}],"replies":[{"embeddable":true,"href":"https:\/\/goiasemtempo.com.br\/home\/wp-json\/wp\/v2\/comments?post=41285"}],"version-history":[{"count":1,"href":"https:\/\/goiasemtempo.com.br\/home\/wp-json\/wp\/v2\/posts\/41285\/revisions"}],"predecessor-version":[{"id":41287,"href":"https:\/\/goiasemtempo.com.br\/home\/wp-json\/wp\/v2\/posts\/41285\/revisions\/41287"}],"wp:featuredmedia":[{"embeddable":true,"href":"https:\/\/goiasemtempo.com.br\/home\/wp-json\/wp\/v2\/media\/41286"}],"wp:attachment":[{"href":"https:\/\/goiasemtempo.com.br\/home\/wp-json\/wp\/v2\/media?parent=41285"}],"wp:term":[{"taxonomy":"category","embeddable":true,"href":"https:\/\/goiasemtempo.com.br\/home\/wp-json\/wp\/v2\/categories?post=41285"},{"taxonomy":"post_tag","embeddable":true,"href":"https:\/\/goiasemtempo.com.br\/home\/wp-json\/wp\/v2\/tags?post=41285"}],"curies":[{"name":"wp","href":"https:\/\/api.w.org\/{rel}","templated":true}]}}