{"id":41279,"date":"2018-10-23T18:20:25","date_gmt":"2018-10-23T18:20:25","guid":{"rendered":"https:\/\/goiasemtempo.com.br\/home\/?p=41279"},"modified":"2018-10-23T18:20:25","modified_gmt":"2018-10-23T18:20:25","slug":"brasil-perdeu-mais-de-40-mil-leitos-do-sus-nos-ultimos-dez-anos","status":"publish","type":"post","link":"https:\/\/goiasemtempo.com.br\/home\/brasil-perdeu-mais-de-40-mil-leitos-do-sus-nos-ultimos-dez-anos\/","title":{"rendered":"Brasil perdeu mais de 40 mil leitos do SUS nos \u00faltimos dez anos"},"content":{"rendered":"<p>Levantamento divulgado hoje (23) pela Confedera\u00e7\u00e3o Nacional dos Munic\u00edpios (CNM) aponta que o Brasil perdeu, nos \u00faltimos dez anos, mais de 41 mil leitos hospitalares no \u00e2mbito do Sistema \u00danico de Sa\u00fade (SUS). Em 2008, o total de leitos na rede p\u00fablica era de 344.573. Em 2018, o total chegava a 303.185.<\/p>\n<p>J\u00e1 os leitos classificados como n\u00e3o SUS aumentaram de 116.083 em 2008 para 134.380 este ano. De forma geral, portanto, o sistema de sa\u00fade brasileiro passou de 460.656 leitos em 2008 para 437.565 em 2018, totalizando 23.091 leitos a menos \u2013 o equivalente a seis leitos fechados por dia durante um per\u00edodo de dez anos.<\/p>\n<p>\u201cO estudo mostra comportamentos diferentes se compararmos quantitativos de leitos SUS e n\u00e3o SUS. Enquanto o primeiro teve mais fechamentos que habilita\u00e7\u00f5es, o segundo grupo mostrou um aumento de aproximadamente 18.300 unidades. Isso significa que os leitos p\u00fablicos diminu\u00edram mais drasticamente\u201d, destacou a CNM que usou a base de dados do pr\u00f3prio Minist\u00e9rio da Sa\u00fade para lan\u00e7ar o estudo.<\/p>\n<p>Ainda de acordo com a pesquisa, em 2008, o Brasil contava com 2,4 leitos (SUS e n\u00e3o SUS) para cada mil habitantes, caindo para o \u00edndice de 2,1 leitos na mesma propor\u00e7\u00e3o de pessoas em 2018.<\/p>\n<p>\u201cConsiderando a quantidade de leitos hospitalares segundo especialidade, identifica-se que os leitos denominados \u2018outras especialidades, pedi\u00e1tricos e obst\u00e9tricos\u2019 apresentaram uma redu\u00e7\u00e3o consider\u00e1vel\u201d, apontou o levantamento.<\/p>\n<h2>Regi\u00f5es<\/h2>\n<p>Os n\u00fameros mostram que, atualmente, nenhuma das regi\u00f5es do pa\u00eds atinge o \u00edndice recomendado pelo pr\u00f3prio Minist\u00e9rio da Sa\u00fade \u2013 entre 2,5 e 3 leitos para cada mil habitantes. As regi\u00f5es Sul e Centro-Oeste s\u00e3o as que mais se aproximam, com 2,4 e 2,3 respectivamente. A pior situa\u00e7\u00e3o \u00e9 no Norte, com 1,7. J\u00e1 Nordeste e Sudeste t\u00eam, ambos, 2 leitos para cada mil habitantes.<\/p>\n<h2>Estados<\/h2>\n<p>Ao analisar o quantitativo de leitos por unidade federativa nos anos de 2008 e 2018, o estudo constata que\u00a025 estados apresentaram queda nos \u00edndices de leitos por mil habitantes. Somente Rond\u00f4nia e Roraima conseguiram obter um pequeno avan\u00e7o na disponibilidade de leitos hospitalares.<\/p>\n<p>\u201cVale ressaltar que, em 14 estados, identifica-se a abertura de leitos. No entanto, esta a\u00e7\u00e3o n\u00e3o satisfaz ao aumento populacional ocorrido para a \u00e1rea no per\u00edodo. Isto \u00e9, mesmo com a abertura de leitos hospitalares, houve queda no \u00edndice de leitos por mil habitantes em raz\u00e3o do aumento populacional expressivo\u201d, informou o estudo.<\/p>\n<p>Alagoas, por exemplo, tinha 6.146 leitos em 2008 para atender 3.127.557 pessoas. Dez anos depois, o estado passou a contar com 6.424 leitos, um crescimento de 4%. A popula\u00e7\u00e3o alagoana, entretanto, cresceu 8% e passou a contabilizar 3.375.823 pessoas. Nesse caso, o aumento populacional superou a abertura de novos leitos no estado e, consequentemente, diminuiu o \u00edndice de leitos por mil habitantes.<\/p>\n<h2>Governo<\/h2>\n<p>Por meio de nota, o Minist\u00e9rio da Sa\u00fade informou que a redu\u00e7\u00e3o de leitos p\u00fablicos, predominantemente\u00a0psiqui\u00e1tricos e pedi\u00e1tricos, n\u00e3o afetou a oferta assistencial e a produ\u00e7\u00e3o aprovada nos sistemas de informa\u00e7\u00e3o do SUS. A quantidade de interna\u00e7\u00f5es aprovadas no sistema em 2008, segundo a pasta, foi de 11,1 milh\u00f5es e, em 2017, de 11,6 milh\u00f5es. Nesse mesmo per\u00edodo, a produ\u00e7\u00e3o ambulatorial, de acordo com o documento, cresceu 34%, passando de 2,9 bilh\u00f5es de procedimentos ambulatoriais para 3,9 bilh\u00f5es.<\/p>\n<p>\u201cA redu\u00e7\u00e3o de leitos de interna\u00e7\u00e3o segue tend\u00eancia mundial de desospitaliza\u00e7\u00e3o \u2013 com os avan\u00e7os tecnol\u00f3gicos, tratamentos que exigiam interna\u00e7\u00e3o passaram a ser feitos no \u00e2mbito ambulatorial e domiciliar, com amplia\u00e7\u00e3o da aten\u00e7\u00e3o b\u00e1sica e de a\u00e7\u00f5es de preven\u00e7\u00e3o e promo\u00e7\u00e3o. Dados da Organiza\u00e7\u00e3o para a Coopera\u00e7\u00e3o e Desenvolvimento Econ\u00f4mico (OCDE) apontam que o Reino Unido e Canad\u00e1, pa\u00edses que servem como refer\u00eancia para o SUS, apresentaram quedas de leitos hospitalares de 26% e 20,5%, respectivamente\u201d, informou o minist\u00e9rio.<\/p>\n<p>Ainda de acordo com o governo federal, dos 7.580 estabelecimentos de sa\u00fade com leitos que apresentaram produ\u00e7\u00e3o no Sistema \u00danico de Sa\u00fade, 4.146 apresentaram taxa de ocupa\u00e7\u00e3o menor que 50%, considerando capacidade instalada de leitos e produ\u00e7\u00e3o aprovada. A baixa ocupa\u00e7\u00e3o dos leitos, segundo a pasta, est\u00e1 mais concentrada nos hospitais de pequeno porte, com menos de 50 leitos.<\/p>\n<p>O minist\u00e9rio informou investir na habilita\u00e7\u00e3o de leitos de Unidade Terapia Intensiva (UTI), que exigem maior estrutura e esfor\u00e7o profissional, assegurando recursos federais para amplia\u00e7\u00e3o da oferta no SUS. Em dez anos, de acordo com a nota, o n\u00famero de leitos de UTI no pa\u00eds aumentou 66,4%, passando de 26.725 em 2008 para 44.484 em 2018. Dessa forma, do total de leitos exclusivamente SUS\u00a0(332.089), 21.658\u00a0s\u00e3o de terapia intensiva, representando mais de 50% do total de leitos de UTI habilitados no pa\u00eds.<\/p>\n<p>Ag\u00eancia Brasil<\/p>\n<p><em>*Mat\u00e9ria ampliada \u00e0s 14h53 para inclus\u00e3o de posicionamento do Minist\u00e9rio da Sa\u00fade<\/em><\/p>\n","protected":false},"excerpt":{"rendered":"<p>Levantamento divulgado hoje (23) pela Confedera\u00e7\u00e3o Nacional dos Munic\u00edpios (CNM) aponta que o Brasil perdeu, nos \u00faltimos dez anos, mais de 41 mil leitos hospitalares no \u00e2mbito do Sistema \u00danico de Sa\u00fade (SUS). Em 2008, o total de leitos na rede p\u00fablica era de 344.573. Em 2018, o total chegava a 303.185. J\u00e1 os leitos &hellip;<\/p>\n","protected":false},"author":3,"featured_media":41280,"comment_status":"open","ping_status":"open","sticky":false,"template":"","format":"standard","meta":{"_exactmetrics_skip_tracking":false,"_exactmetrics_sitenote_active":false,"_exactmetrics_sitenote_note":"","_exactmetrics_sitenote_category":0,"footnotes":""},"categories":[16],"tags":[],"_links":{"self":[{"href":"https:\/\/goiasemtempo.com.br\/home\/wp-json\/wp\/v2\/posts\/41279"}],"collection":[{"href":"https:\/\/goiasemtempo.com.br\/home\/wp-json\/wp\/v2\/posts"}],"about":[{"href":"https:\/\/goiasemtempo.com.br\/home\/wp-json\/wp\/v2\/types\/post"}],"author":[{"embeddable":true,"href":"https:\/\/goiasemtempo.com.br\/home\/wp-json\/wp\/v2\/users\/3"}],"replies":[{"embeddable":true,"href":"https:\/\/goiasemtempo.com.br\/home\/wp-json\/wp\/v2\/comments?post=41279"}],"version-history":[{"count":1,"href":"https:\/\/goiasemtempo.com.br\/home\/wp-json\/wp\/v2\/posts\/41279\/revisions"}],"predecessor-version":[{"id":41281,"href":"https:\/\/goiasemtempo.com.br\/home\/wp-json\/wp\/v2\/posts\/41279\/revisions\/41281"}],"wp:featuredmedia":[{"embeddable":true,"href":"https:\/\/goiasemtempo.com.br\/home\/wp-json\/wp\/v2\/media\/41280"}],"wp:attachment":[{"href":"https:\/\/goiasemtempo.com.br\/home\/wp-json\/wp\/v2\/media?parent=41279"}],"wp:term":[{"taxonomy":"category","embeddable":true,"href":"https:\/\/goiasemtempo.com.br\/home\/wp-json\/wp\/v2\/categories?post=41279"},{"taxonomy":"post_tag","embeddable":true,"href":"https:\/\/goiasemtempo.com.br\/home\/wp-json\/wp\/v2\/tags?post=41279"}],"curies":[{"name":"wp","href":"https:\/\/api.w.org\/{rel}","templated":true}]}}