{"id":4121,"date":"2017-12-24T15:48:43","date_gmt":"2017-12-24T15:48:43","guid":{"rendered":"http:\/\/goiasemtempo.com.br\/home\/?p=4121"},"modified":"2017-12-24T15:48:43","modified_gmt":"2017-12-24T15:48:43","slug":"papa-supera-40-milhoes-de-seguidores-no-twitter","status":"publish","type":"post","link":"https:\/\/goiasemtempo.com.br\/home\/papa-supera-40-milhoes-de-seguidores-no-twitter\/","title":{"rendered":"Papa supera 40 milh\u00f5es de seguidores no Twitter"},"content":{"rendered":"<p>O Papa Francisco, sempre disposto a recomendar aos jovens que n\u00e3o abusem de seus telefones celulares, superou os 40 milh\u00f5es de seguidores, somadas suas nove contas oficiais, no Twitter, anunciou a Santa S\u00e9 nesta quarta-feira.<\/p>\n<p>L\u00edder espiritual de 1,3 bilh\u00e3o de cat\u00f3licos em todo o mundo, o papa posta na rede social mensagens religiosas e agora se aproxima do atual presidente americano Donald Trump (40,3 milh\u00f5es de seguidores), mas permanece distante de Barack Obama (mais de 95 milh\u00f5es) ou de artistas como Katy Perry (104 milh\u00f5es) e Justin Bieber (mais de 102 milh\u00f5es).<\/p>\n<p>Nos \u00faltimos 12 meses, as contas do papa em nove l\u00ednguas ganharam mais nove milh\u00f5es de seguidores, an\u00f4nimos, crist\u00e3os ou n\u00e3o, l\u00edderes pol\u00edticos ou outros representantes da cultura, de acordo com o Vaticano.<\/p>\n<p>A conta espanhola (@Pontifex_es) \u00e9 a mais popular, com 14,6 milh\u00f5es de seguidores, seguida da vers\u00e3o em ingl\u00eas (14 milh\u00f5es).<\/p>\n<p>Atr\u00e1s v\u00eam as contas em italiano (4,6 milh\u00f5es), portugu\u00eas (3 milh\u00f5es), polon\u00eas (mais de 953 mil) e franc\u00eas (mais de 944 mil).<\/p>\n<p>Tamb\u00e9m \u00e9 digno de nota o sucesso da conta em latim, que tem 843.000 seguidores.<\/p>\n<p>A conta foi oficialmente aberta em dezembro de 2012 pelo papa Bento XVI.<\/p>\n<p>O papa tamb\u00e9m tem cinco milh\u00f5es de seguidores no Instagram.<\/p>\n","protected":false},"excerpt":{"rendered":"<p>O Papa Francisco, sempre disposto a recomendar aos jovens que n\u00e3o abusem de seus telefones celulares, superou os 40 milh\u00f5es de seguidores, somadas suas nove contas oficiais, no Twitter, anunciou a Santa S\u00e9 nesta quarta-feira. L\u00edder espiritual de 1,3 bilh\u00e3o de cat\u00f3licos em todo o mundo, o papa posta na rede social mensagens religiosas e &hellip;<\/p>\n","protected":false},"author":2,"featured_media":1450,"comment_status":"open","ping_status":"open","sticky":false,"template":"","format":"standard","meta":{"footnotes":""},"categories":[4],"tags":[],"class_list":["post-4121","post","type-post","status-publish","format-standard","has-post-thumbnail","hentry","category-ultimas-noticias"],"_links":{"self":[{"href":"https:\/\/goiasemtempo.com.br\/home\/wp-json\/wp\/v2\/posts\/4121","targetHints":{"allow":["GET"]}}],"collection":[{"href":"https:\/\/goiasemtempo.com.br\/home\/wp-json\/wp\/v2\/posts"}],"about":[{"href":"https:\/\/goiasemtempo.com.br\/home\/wp-json\/wp\/v2\/types\/post"}],"author":[{"embeddable":true,"href":"https:\/\/goiasemtempo.com.br\/home\/wp-json\/wp\/v2\/users\/2"}],"replies":[{"embeddable":true,"href":"https:\/\/goiasemtempo.com.br\/home\/wp-json\/wp\/v2\/comments?post=4121"}],"version-history":[{"count":1,"href":"https:\/\/goiasemtempo.com.br\/home\/wp-json\/wp\/v2\/posts\/4121\/revisions"}],"predecessor-version":[{"id":4122,"href":"https:\/\/goiasemtempo.com.br\/home\/wp-json\/wp\/v2\/posts\/4121\/revisions\/4122"}],"wp:featuredmedia":[{"embeddable":true,"href":"https:\/\/goiasemtempo.com.br\/home\/wp-json\/wp\/v2\/media\/1450"}],"wp:attachment":[{"href":"https:\/\/goiasemtempo.com.br\/home\/wp-json\/wp\/v2\/media?parent=4121"}],"wp:term":[{"taxonomy":"category","embeddable":true,"href":"https:\/\/goiasemtempo.com.br\/home\/wp-json\/wp\/v2\/categories?post=4121"},{"taxonomy":"post_tag","embeddable":true,"href":"https:\/\/goiasemtempo.com.br\/home\/wp-json\/wp\/v2\/tags?post=4121"}],"curies":[{"name":"wp","href":"https:\/\/api.w.org\/{rel}","templated":true}]}}