{"id":41058,"date":"2018-10-16T19:35:03","date_gmt":"2018-10-16T19:35:03","guid":{"rendered":"https:\/\/goiasemtempo.com.br\/home\/?p=41058"},"modified":"2018-10-16T19:42:28","modified_gmt":"2018-10-16T19:42:28","slug":"dolar-desaba-com-pesquisa-ibope-e-otimismo-estendido","status":"publish","type":"post","link":"https:\/\/goiasemtempo.com.br\/home\/dolar-desaba-com-pesquisa-ibope-e-otimismo-estendido\/","title":{"rendered":"D\u00f3lar desaba com pesquisa Ibope e otimismo estendido"},"content":{"rendered":"<p>O d\u00f3lar renovou m\u00ednima a R$ 3,6918 (-1,24%) no mercado \u00e0 vista na manh\u00e3 desta ter\u00e7a-feira, 16, em meio a ingresso de capital estrangeiro pela via financeira, diz o diretor da corretora Correparti, Jefferson Rugik. No mercado futuro, o\u00a0<strong>d\u00f3lar<\/strong>\u00a0para novembro caiu \u00e0 m\u00ednima de R$ 3,6950 (-1,22%).<\/p>\n<div class=\"related-news-shell\">\n<div class=\"related-news anchor-right border-economy \">\n<ul>\n<li>\n<p class=\"text\">\n<\/li>\n<\/ul>\n<\/div>\n<\/div>\n<div id=\"image_7e64b0b416f74e71e96c056ab7e695f92opntim6\" class=\"expandedElement\">\n<figure><picture><source srcset=\"https:\/\/p2.trrsf.com\/image\/fget\/cf\/940\/0\/images.terra.com\/2018\/10\/16\/1441117434989.jpg\" media=\"(min-width:1280px)\" \/><source srcset=\"https:\/\/p2.trrsf.com\/image\/fget\/cf\/620\/0\/images.terra.com\/2018\/10\/16\/1441117434989.jpg\" media=\"(min-width:1024px)\" \/><source srcset=\"https:\/\/p2.trrsf.com\/image\/fget\/cf\/460\/0\/images.terra.com\/2018\/10\/16\/1441117434989.jpg\" media=\"(min-width:768px)\" \/><source srcset=\"https:\/\/p2.trrsf.com\/image\/fget\/cf\/320\/0\/images.terra.com\/2018\/10\/16\/1441117434989.jpg\" media=\"(min-width:300px)\" \/><img decoding=\"async\" title=\"Em queda, d\u00f3lar rompeu o patamar informal de R$ 3,70 nesta ter\u00e7a-feira.\" src=\"https:\/\/p2.trrsf.com\/image\/fget\/cf\/460\/0\/images.terra.com\/2018\/10\/16\/1441117434989.jpg\" alt=\"Em queda, d\u00f3lar rompeu o patamar informal de R$ 3,70 nesta ter\u00e7a-feira.\" width=\"460\" \/><\/picture>\n<div class=\"seedtag-gohan seedtag-adunit\">\n<div class=\"st-container\"><\/div>\n<\/div><figcaption>\n<div class=\"imageInfo\">\n<div class=\"lineSpacer\"><\/div>\n<div class=\"caption\">Em queda, d\u00f3lar rompeu o patamar informal de R$ 3,70 nesta ter\u00e7a-feira.<\/div>\n<p><small class=\"copyright\">Foto: Marcello Casal Jr\/Ag\u00eancia Brasil \/ Estad\u00e3o Conte\u00fado<\/small><\/p>\n<\/div>\n<\/figcaption><\/figure>\n<\/div>\n<p class=\"text\">Rugik avalia que a amplia\u00e7\u00e3o das perdas ante o real reflete em parte o\u00a0<strong>d\u00f3lar fraco<\/strong>\u00a0l\u00e1 fora e a quase certeza da vit\u00f3ria de Jair Bolsonaro (PSL) no segundo turno.<\/p>\n<div id=\"ad-video-inread--wrapper\">\n<div id=\"ad-video-inread\" class=\"ad-video-inread\" data-google-query-id=\"COLawf_Yi94CFUwjhwodzvwIiQ\">\n<div id=\"player-wrapper-30904735197569956\" class=\"apex-desktop jw-ad-visible\">\n<div id=\"player-label-30904735197569956\"><\/div>\n<\/div>\n<\/div>\n<\/div>\n<p class=\"text\">O s\u00f3cio-diretor da consultoria Via Brasil Durval Correa concorda que a baixa acentuada precifica a pesquisa Ibope, &#8220;que praticamente mostra vit\u00f3ria folgada de Bolsonaro, com 18 pontos de vantagem sobre Fernando Haddad&#8221;.<\/p>\n<p class=\"text\">Houve uma queda violenta e r\u00e1pida nesta ter\u00e7a, a moeda furou o suporte dos R$ 3,70, mas ser\u00e1 dif\u00edcil conseguir manter-se abaixo desse n\u00edvel, porque n\u00e3o se sabe se esse cen\u00e1rio eleitoral permanecer\u00e1 at\u00e9 o dia 28, pondera o diretor da Via Brasil, citando ainda a possibilidade no exterior de uma acelera\u00e7\u00e3o da alta de juros nos Estados Unidos, al\u00e9m de disputas comerciais e conflitos geopol\u00edticos.<\/p>\n<p class=\"text\">A demanda por bolsa \u00e9 grande assim como a oferta de d\u00f3lar,\u00a0diz ele, refor\u00e7ando que h\u00e1 ingresso de fluxo de estrangeiro e mudan\u00e7a de patamar da taxa do d\u00f3lar. Agora, para Correa, o novo suporte informal \u00e9 de R$ 3,680, mas que pode ser revertido\u00a0a qualquer momento.<\/p>\n<p>Com Ag\u00eancia de Not\u00edcias\/Terra<\/p>\n","protected":false},"excerpt":{"rendered":"<p>O d\u00f3lar renovou m\u00ednima a R$ 3,6918 (-1,24%) no mercado \u00e0 vista na manh\u00e3 desta ter\u00e7a-feira, 16, em meio a ingresso de capital estrangeiro pela via financeira, diz o diretor da corretora Correparti, Jefferson Rugik. No mercado futuro, o\u00a0d\u00f3lar\u00a0para novembro caiu \u00e0 m\u00ednima de R$ 3,6950 (-1,22%). Em queda, d\u00f3lar rompeu o patamar informal de &hellip;<\/p>\n","protected":false},"author":3,"featured_media":41059,"comment_status":"open","ping_status":"open","sticky":false,"template":"","format":"standard","meta":{"_exactmetrics_skip_tracking":false,"_exactmetrics_sitenote_active":false,"_exactmetrics_sitenote_note":"","_exactmetrics_sitenote_category":0,"footnotes":""},"categories":[17],"tags":[],"_links":{"self":[{"href":"https:\/\/goiasemtempo.com.br\/home\/wp-json\/wp\/v2\/posts\/41058"}],"collection":[{"href":"https:\/\/goiasemtempo.com.br\/home\/wp-json\/wp\/v2\/posts"}],"about":[{"href":"https:\/\/goiasemtempo.com.br\/home\/wp-json\/wp\/v2\/types\/post"}],"author":[{"embeddable":true,"href":"https:\/\/goiasemtempo.com.br\/home\/wp-json\/wp\/v2\/users\/3"}],"replies":[{"embeddable":true,"href":"https:\/\/goiasemtempo.com.br\/home\/wp-json\/wp\/v2\/comments?post=41058"}],"version-history":[{"count":2,"href":"https:\/\/goiasemtempo.com.br\/home\/wp-json\/wp\/v2\/posts\/41058\/revisions"}],"predecessor-version":[{"id":41061,"href":"https:\/\/goiasemtempo.com.br\/home\/wp-json\/wp\/v2\/posts\/41058\/revisions\/41061"}],"wp:featuredmedia":[{"embeddable":true,"href":"https:\/\/goiasemtempo.com.br\/home\/wp-json\/wp\/v2\/media\/41059"}],"wp:attachment":[{"href":"https:\/\/goiasemtempo.com.br\/home\/wp-json\/wp\/v2\/media?parent=41058"}],"wp:term":[{"taxonomy":"category","embeddable":true,"href":"https:\/\/goiasemtempo.com.br\/home\/wp-json\/wp\/v2\/categories?post=41058"},{"taxonomy":"post_tag","embeddable":true,"href":"https:\/\/goiasemtempo.com.br\/home\/wp-json\/wp\/v2\/tags?post=41058"}],"curies":[{"name":"wp","href":"https:\/\/api.w.org\/{rel}","templated":true}]}}