{"id":4105,"date":"2017-12-24T15:43:09","date_gmt":"2017-12-24T15:43:09","guid":{"rendered":"http:\/\/goiasemtempo.com.br\/home\/?p=4105"},"modified":"2017-12-24T15:43:09","modified_gmt":"2017-12-24T15:43:09","slug":"estados-unidos-e-israel-se-retiram-da-unesco","status":"publish","type":"post","link":"https:\/\/goiasemtempo.com.br\/home\/estados-unidos-e-israel-se-retiram-da-unesco\/","title":{"rendered":"Estados Unidos e Israel se retiram da Unesco"},"content":{"rendered":"<p>Os Estados Unidos anunciaram, nesta quinta-feira (12), a sua decis\u00e3o de retirar-se da Organiza\u00e7\u00e3o das Na\u00e7\u00f5es Unidas para a Educa\u00e7\u00e3o, a Ci\u00eancia e a Cultura (Unesco), alegando preconceito contra Israel, segundo um comunicado oficial.<\/p>\n<p>Os Estados Unidos e Israel anunciaram, nesta quinta-feira (12), a sua decis\u00e3o de retirar-se da Organiza\u00e7\u00e3o das Na\u00e7\u00f5es Unidas para a Educa\u00e7\u00e3o, a Ci\u00eancia e a Cultura (Unesco), acusando-a de ser anti-israelense, o que provocou cr\u00edticas na institui\u00e7\u00e3o.<\/p>\n<p>Ap\u00f3s v\u00e1rios anos de tens\u00f5es com esta ag\u00eancia da ONU com sede em Paris e atualmente em processo de elei\u00e7\u00e3o de um novo diretor-geral, a porta-voz do Departamento de Estado americano, Heather Nauert anunciou que Washington prev\u00ea deixar a organiza\u00e7\u00e3o.<\/p>\n<p>Essa decis\u00e3o n\u00e3o foi tomada rapidamente e reflete a preocupa\u00e7\u00e3o dos Estados Unidos com os crescentes atrasos nos pagamentos (das contribui\u00e7\u00f5es) \u00e0 Unesco, a necessidade de uma reforma fundamental na organiza\u00e7\u00e3o e o cont\u00ednuo preconceito contra Israel, disse Nauert.<\/p>\n<p>A sa\u00edda dos EUA ser\u00e1 efetivada em 31 de dezembro de 2018, de acordo com as normas constitutivas da Unesco, completa o texto.<\/p>\n<p>O secret\u00e1rio-geral das Na\u00e7\u00f5es Unidas, Ant\u00f3nio Guterres, continuar\u00e1 trabalhando com o governo Trump apesar das diferen\u00e7as, disse o porta-voz da ONU Farhan Haq nesta quinta-feira.<\/p>\n<p>Guterres lamenta profundamente a decis\u00e3o, mas ao mesmo tempo, \u00e9 claro, interagimos com os Estados Unidos de forma muito produtiva em uma s\u00e9rie de quest\u00f5es atrav\u00e9s de uma s\u00e9rie de organiza\u00e7\u00f5es e continuaremos a fazer isso, acrescentou o porta-voz, que pareceu minimizar a sa\u00edda.<\/p>\n<p>H\u00e1 momentos em que pode haver diferen\u00e7as nessa ou naquela quest\u00e3o, mas o secret\u00e1rio-geral trabalha bem com o governo dos EUA, disse Haq.<\/p>\n<p>Pouco depois de Washington, Israel indicou que tamb\u00e9m vai abandonar a institui\u00e7\u00e3o, que qualificou de teatro do absurdo, onde se deforma a hist\u00f3ria, em vez de preserv\u00e1-la.<\/p>\n<p>Entramos em uma nova era das Na\u00e7\u00f5es Unidas: a que, quando se discriminar Israel, ter\u00e1 que assumir as consequ\u00eancias, afirmou o embaixador israelense na ONU, Danny Danon.<\/p>\n<p>No in\u00edcio de julho, os Estados Unidos haviam advertido que analisavam seus v\u00ednculos com a Unesco, chamando de uma afronta \u00e0 hist\u00f3ria a sua decis\u00e3o de declarar a antiga cidade de Hebron, na Cisjord\u00e2nia ocupada, uma zona protegida do patrim\u00f4nio mundial.<\/p>\n<p>Na ocasi\u00e3o, a embaixadora americana nas Na\u00e7\u00f5es Unidas, Nikki Haley, afirmou que esta iniciativa desacreditava ainda mais uma ag\u00eancia da ONU j\u00e1 altamente discut\u00edvel.<\/p>\n<p>Segundo Nauert, o argumento financeiro pesou na hora de decidir sobre a sa\u00edda da institiu. Temos atrasos de pagamento da ordem de 550 milh\u00f5es de d\u00f3lares na Unesco. Queremos continuar dando mais dinheiro para uma organiza\u00e7\u00e3o anti-Israel?, perguntou.<\/p>\n<p>A porta-voz do Departamento de Estado tamb\u00e9m lembrou que Washington quer uma reforma na ONU.<\/p>\n<p>&#8211; Multilateralismo &#8211;<\/p>\n<p>Os Estados Unidos j\u00e1 deixaram a Unesco entre 1984 e 2003 e suspenderam sua contribui\u00e7\u00e3o financeira em 2011, ap\u00f3s a admiss\u00e3o da Palestina como um Estado-membro.<\/p>\n<p>A diretora-geral da Unesco, Irina Bokova, afirmou nesta quinta lamentar profundamente a decis\u00e3o dos Estados Unidos.<\/p>\n<p>Lamento profundamente a decis\u00e3o dos Estados Unidos, cuja notifica\u00e7\u00e3o oficial foi enviada pelo secret\u00e1rio de Estado Rex Tillerson, escreveu em um comunicado.<\/p>\n<p>A universalidade \u00e9 essencial para a miss\u00e3o da Unesco de construir a paz e a seguran\u00e7a internacionais em face do \u00f3dio e da viol\u00eancia, atrav\u00e9s da defesa dos direitos humanos e da dignidade humana, afirmou Bokova.<\/p>\n<p>\u00c9 uma perda para a fam\u00edlia das Na\u00e7\u00f5es Unidas. \u00c9 uma perda para o multilateralismo, ressaltou a diretora.<\/p>\n<p>A essas reprova\u00e7\u00f5es, somaram-se a Fran\u00e7a &#8211; onde est\u00e1 a sede da Unesco &#8211; e o secret\u00e1rio-geral da ONU, Antonio Guterres, que lembrou o destacado papel dos Estados Unidos na Unesco desde sua funda\u00e7\u00e3o, em 1946.<\/p>\n<p>Os an\u00fancios de Estados Unidos e Israel chegam em meio \u00e0 decisiva elei\u00e7\u00e3o do sucessor de Irina Bokova.<\/p>\n<p>Os 58 pa\u00edses-membros do conselho executivo v\u00e3o decidir nesta noite dois finalistas, ou at\u00e9 memso o pr\u00f3ximo dirigente da organiza\u00e7\u00e3o.<\/p>\n<p>&#8211; Hebron &#8211;<\/p>\n<p>O Comit\u00ea do Patrim\u00f4nio Mundial da Unesco inscreveu, em julho, a Cidade Velha de Hebron como um s\u00edtio de valor universal excepcional. Tamb\u00e9m colocou esta cidade, localizada nos territ\u00f3rios palestinos, na lista de patrim\u00f4nios em perigo.<\/p>\n<p>Hebron \u00e9 o lar de 200 mil palestinos e centenas de colonos israelenses, que est\u00e3o entrincheirados em um enclave protegido por soldados israelenses perto do local sagrado que os judeus chamam de o t\u00famulo dos Patriarcas e os mu\u00e7ulmanos de Mesquita de Ibrahim.<\/p>\n<p>O primeiro-ministro israelense, Benjamin Netanyahu, descreveu a decis\u00e3o da Unesco como delirante.<\/p>\n<p>Poucos meses antes, a Unesco havia identificado Israel como uma for\u00e7a de ocupa\u00e7\u00e3o em Jerusal\u00e9m.<\/p>\n","protected":false},"excerpt":{"rendered":"<p>Os Estados Unidos anunciaram, nesta quinta-feira (12), a sua decis\u00e3o de retirar-se da Organiza\u00e7\u00e3o das Na\u00e7\u00f5es Unidas para a Educa\u00e7\u00e3o, a Ci\u00eancia e a Cultura (Unesco), alegando preconceito contra Israel, segundo um comunicado oficial. Os Estados Unidos e Israel anunciaram, nesta quinta-feira (12), a sua decis\u00e3o de retirar-se da Organiza\u00e7\u00e3o das Na\u00e7\u00f5es Unidas para a &hellip;<\/p>\n","protected":false},"author":2,"featured_media":1442,"comment_status":"open","ping_status":"open","sticky":false,"template":"","format":"standard","meta":{"_exactmetrics_skip_tracking":false,"_exactmetrics_sitenote_active":false,"_exactmetrics_sitenote_note":"","_exactmetrics_sitenote_category":0,"footnotes":""},"categories":[4],"tags":[],"_links":{"self":[{"href":"https:\/\/goiasemtempo.com.br\/home\/wp-json\/wp\/v2\/posts\/4105"}],"collection":[{"href":"https:\/\/goiasemtempo.com.br\/home\/wp-json\/wp\/v2\/posts"}],"about":[{"href":"https:\/\/goiasemtempo.com.br\/home\/wp-json\/wp\/v2\/types\/post"}],"author":[{"embeddable":true,"href":"https:\/\/goiasemtempo.com.br\/home\/wp-json\/wp\/v2\/users\/2"}],"replies":[{"embeddable":true,"href":"https:\/\/goiasemtempo.com.br\/home\/wp-json\/wp\/v2\/comments?post=4105"}],"version-history":[{"count":1,"href":"https:\/\/goiasemtempo.com.br\/home\/wp-json\/wp\/v2\/posts\/4105\/revisions"}],"predecessor-version":[{"id":4106,"href":"https:\/\/goiasemtempo.com.br\/home\/wp-json\/wp\/v2\/posts\/4105\/revisions\/4106"}],"wp:featuredmedia":[{"embeddable":true,"href":"https:\/\/goiasemtempo.com.br\/home\/wp-json\/wp\/v2\/media\/1442"}],"wp:attachment":[{"href":"https:\/\/goiasemtempo.com.br\/home\/wp-json\/wp\/v2\/media?parent=4105"}],"wp:term":[{"taxonomy":"category","embeddable":true,"href":"https:\/\/goiasemtempo.com.br\/home\/wp-json\/wp\/v2\/categories?post=4105"},{"taxonomy":"post_tag","embeddable":true,"href":"https:\/\/goiasemtempo.com.br\/home\/wp-json\/wp\/v2\/tags?post=4105"}],"curies":[{"name":"wp","href":"https:\/\/api.w.org\/{rel}","templated":true}]}}