{"id":40908,"date":"2018-10-09T22:42:09","date_gmt":"2018-10-09T22:42:09","guid":{"rendered":"https:\/\/goiasemtempo.com.br\/home\/?p=40908"},"modified":"2018-10-09T22:43:53","modified_gmt":"2018-10-09T22:43:53","slug":"continuacao-das-obras-da-nova-camara-de-anapolis-custara-mais-de-r-12-milhoes-diz-laudo","status":"publish","type":"post","link":"https:\/\/goiasemtempo.com.br\/home\/continuacao-das-obras-da-nova-camara-de-anapolis-custara-mais-de-r-12-milhoes-diz-laudo\/","title":{"rendered":"Continua\u00e7\u00e3o das obras da nova C\u00e2mara de An\u00e1polis custar\u00e1 mais de R$ 12 mi,diz laudo"},"content":{"rendered":"<p>Na tarde desta ter\u00e7a-feira (9) a\u00a0 Prefeitura de An\u00e1polis apresentou \u00a0laudo t\u00e9cnico realizado pela Comiss\u00e3o T\u00e9cnica de Avalia\u00e7\u00e3o, Adequa\u00e7\u00e3o e Desenvolvimentos dos projetos para a conclus\u00e3o da nova C\u00e2mara Municipal de An\u00e1polis. De acordo com o presidente da Comiss\u00e3o, engenheiro civil Robson Ued Naves, houve incompatibilidade entre os projetos contratados e executados.<\/p>\n<p>Para que as obras sejam retomadas, al\u00e9m do alinhamento dos projetos, ser\u00e1 necess\u00e1rio investir mais R$ 12,7 milh\u00f5es. At\u00e9 o momento, foram utilizados cerca de R$ 7 milh\u00f5es e perdida uma \u00e1rea de dois mil metros\u00a0quadrados.<\/p>\n<p>&#8220;A obra tem condi\u00e7\u00f5es de ser conclu\u00edda. A decis\u00e3o da implanta\u00e7\u00e3o no local n\u00e3o tem como ser arrumado e talvez n\u00e3o tenha sido a decis\u00e3o mais assertiva \u00e0 \u00e9poca. N\u00e3o tem mais o que fazer, tem que conviver com isso, uma vez que a obra foi constru\u00edda para que o subsolo da nova obra fosse integrado \u00e0 obra j\u00e1 constru\u00edda&#8221;, explicou o presidente da Comiss\u00e3o.<\/p>\n<p>O cronograma estimado para a conclus\u00e3o das obras ap\u00f3s a autoriza\u00e7\u00e3o da prefeitura de An\u00e1polis \u00e9 de 23 meses. O laudo t\u00e9cnico foi apresentado aos vereadores pela manh\u00e3, \u00e0 imprensa \u00e0 tarde e tamb\u00e9m foi encaminhado para o Minist\u00e9rio P\u00fablico do Estado de Goi\u00e1s (MP-GO) para apura\u00e7\u00e3o de responsabilidades.<\/p>\n<p>Com Ag\u00eancia de Not\u00edcias\/\u00a0Tha\u00eds Dutra<\/p>\n","protected":false},"excerpt":{"rendered":"<p>Na tarde desta ter\u00e7a-feira (9) a\u00a0 Prefeitura de An\u00e1polis apresentou \u00a0laudo t\u00e9cnico realizado pela Comiss\u00e3o T\u00e9cnica de Avalia\u00e7\u00e3o, Adequa\u00e7\u00e3o e Desenvolvimentos dos projetos para a conclus\u00e3o da nova C\u00e2mara Municipal de An\u00e1polis. De acordo com o presidente da Comiss\u00e3o, engenheiro civil Robson Ued Naves, houve incompatibilidade entre os projetos contratados e executados. Para que as &hellip;<\/p>\n","protected":false},"author":3,"featured_media":40909,"comment_status":"open","ping_status":"open","sticky":false,"template":"","format":"standard","meta":{"_exactmetrics_skip_tracking":false,"_exactmetrics_sitenote_active":false,"_exactmetrics_sitenote_note":"","_exactmetrics_sitenote_category":0,"footnotes":""},"categories":[19],"tags":[],"_links":{"self":[{"href":"https:\/\/goiasemtempo.com.br\/home\/wp-json\/wp\/v2\/posts\/40908"}],"collection":[{"href":"https:\/\/goiasemtempo.com.br\/home\/wp-json\/wp\/v2\/posts"}],"about":[{"href":"https:\/\/goiasemtempo.com.br\/home\/wp-json\/wp\/v2\/types\/post"}],"author":[{"embeddable":true,"href":"https:\/\/goiasemtempo.com.br\/home\/wp-json\/wp\/v2\/users\/3"}],"replies":[{"embeddable":true,"href":"https:\/\/goiasemtempo.com.br\/home\/wp-json\/wp\/v2\/comments?post=40908"}],"version-history":[{"count":2,"href":"https:\/\/goiasemtempo.com.br\/home\/wp-json\/wp\/v2\/posts\/40908\/revisions"}],"predecessor-version":[{"id":40911,"href":"https:\/\/goiasemtempo.com.br\/home\/wp-json\/wp\/v2\/posts\/40908\/revisions\/40911"}],"wp:featuredmedia":[{"embeddable":true,"href":"https:\/\/goiasemtempo.com.br\/home\/wp-json\/wp\/v2\/media\/40909"}],"wp:attachment":[{"href":"https:\/\/goiasemtempo.com.br\/home\/wp-json\/wp\/v2\/media?parent=40908"}],"wp:term":[{"taxonomy":"category","embeddable":true,"href":"https:\/\/goiasemtempo.com.br\/home\/wp-json\/wp\/v2\/categories?post=40908"},{"taxonomy":"post_tag","embeddable":true,"href":"https:\/\/goiasemtempo.com.br\/home\/wp-json\/wp\/v2\/tags?post=40908"}],"curies":[{"name":"wp","href":"https:\/\/api.w.org\/{rel}","templated":true}]}}