{"id":40341,"date":"2018-09-12T20:22:58","date_gmt":"2018-09-12T20:22:58","guid":{"rendered":"https:\/\/goiasemtempo.com.br\/home\/?p=40341"},"modified":"2018-09-12T20:22:58","modified_gmt":"2018-09-12T20:22:58","slug":"sebrae-entra-no-supremo-contra-criacao-da-agencia-de-museus","status":"publish","type":"post","link":"https:\/\/goiasemtempo.com.br\/home\/sebrae-entra-no-supremo-contra-criacao-da-agencia-de-museus\/","title":{"rendered":"Sebrae entra no Supremo contra cria\u00e7\u00e3o da Ag\u00eancia de Museus"},"content":{"rendered":"<p>O Servi\u00e7o Brasileiro de Apoio \u00e0s Micro e Pequenas Empresas (Sebrae) ingressou na tarde desta quarta-feira (12) com um mandado de seguran\u00e7a no Supremo Tribunal Federal (STF) contra a medida provis\u00f3ria que criou a Ag\u00eancia Brasileira de Museus (Abram). O motivo \u00e9 a retirada de parte dos recursos do Sebrae para destinar ao novo \u00f3rg\u00e3o.<\/p>\n<p>No documento, os advogados questionam quatro pontos da\u00a0<a href=\"http:\/\/agenciabrasil.ebc.com.br\/politica\/noticia\/2018-09\/mps-criam-agencia-para-administrar-museus-e-fundos-patrimoniais\">MP editada<\/a>\u00a0no in\u00edcio da semana pelo presidente Michel Temer. Os principais s\u00e3o o que classificam como &#8220;desvio de finalidade&#8221; da contribui\u00e7\u00e3o respons\u00e1vel por bancar o Sebrae. Os defensores do mandado de seguran\u00e7a argumentam que a Contribui\u00e7\u00e3o de Interven\u00e7\u00e3o do Dom\u00ednio Econ\u00f4mico (Cide) foi criada pela Constitui\u00e7\u00e3o para destinar recursos a assuntos econ\u00f4micos, diferindo de temas como a gest\u00e3o de museus.<\/p>\n<p>O artigo que destina 6% do or\u00e7amento anual do Sebrae para a Abram tamb\u00e9m \u00e9 criticado pelo \u00f3rg\u00e3o. Segundo o mandado de seguran\u00e7a, h\u00e1 uma &#8220;ilegalidade&#8221; na obriga\u00e7\u00e3o de transferir o dinheiro \u00e0 ag\u00eancia porque as receitas do Sebrae prov\u00eam mensalmente da Receita Federal, que deveria ser a respons\u00e1vel por alterar ou diminuir a destina\u00e7\u00e3o dos recursos.<\/p>\n<p>Como se trata de uma medida provis\u00f3ria, que tramita no Congresso Nacional, mas j\u00e1 tem for\u00e7a de lei, o crit\u00e9rio da urg\u00eancia tamb\u00e9m \u00e9 questionado pelo Sebrae. &#8220;A MP n\u00e3o possui urg\u00eancia para sua aprova\u00e7\u00e3o, devendo, caso seu m\u00e9rito ainda permanecessse v\u00e1lido, ser criada por meio de projeto de lei&#8221;, explicou o \u00f3rg\u00e3o.<\/p>\n<p>Ontem (11), ao anunciar que ingressaria com o mandado, o presidente do Sebrae, Guilherme Afif Domingos, disse n\u00e3o ser contra a busca de solu\u00e7\u00f5es para os problemas dos museus, mas que os micro e pequenos empres\u00e1rios n\u00e3o poderiam &#8220;pagar sozinhos esta conta&#8221;.<\/p>\n","protected":false},"excerpt":{"rendered":"<p>O Servi\u00e7o Brasileiro de Apoio \u00e0s Micro e Pequenas Empresas (Sebrae) ingressou na tarde desta quarta-feira (12) com um mandado de seguran\u00e7a no Supremo Tribunal Federal (STF) contra a medida provis\u00f3ria que criou a Ag\u00eancia Brasileira de Museus (Abram). O motivo \u00e9 a retirada de parte dos recursos do Sebrae para destinar ao novo \u00f3rg\u00e3o. &hellip;<\/p>\n","protected":false},"author":3,"featured_media":40342,"comment_status":"open","ping_status":"open","sticky":false,"template":"","format":"standard","meta":{"_exactmetrics_skip_tracking":false,"_exactmetrics_sitenote_active":false,"_exactmetrics_sitenote_note":"","_exactmetrics_sitenote_category":0,"footnotes":""},"categories":[26],"tags":[],"_links":{"self":[{"href":"https:\/\/goiasemtempo.com.br\/home\/wp-json\/wp\/v2\/posts\/40341"}],"collection":[{"href":"https:\/\/goiasemtempo.com.br\/home\/wp-json\/wp\/v2\/posts"}],"about":[{"href":"https:\/\/goiasemtempo.com.br\/home\/wp-json\/wp\/v2\/types\/post"}],"author":[{"embeddable":true,"href":"https:\/\/goiasemtempo.com.br\/home\/wp-json\/wp\/v2\/users\/3"}],"replies":[{"embeddable":true,"href":"https:\/\/goiasemtempo.com.br\/home\/wp-json\/wp\/v2\/comments?post=40341"}],"version-history":[{"count":1,"href":"https:\/\/goiasemtempo.com.br\/home\/wp-json\/wp\/v2\/posts\/40341\/revisions"}],"predecessor-version":[{"id":40343,"href":"https:\/\/goiasemtempo.com.br\/home\/wp-json\/wp\/v2\/posts\/40341\/revisions\/40343"}],"wp:featuredmedia":[{"embeddable":true,"href":"https:\/\/goiasemtempo.com.br\/home\/wp-json\/wp\/v2\/media\/40342"}],"wp:attachment":[{"href":"https:\/\/goiasemtempo.com.br\/home\/wp-json\/wp\/v2\/media?parent=40341"}],"wp:term":[{"taxonomy":"category","embeddable":true,"href":"https:\/\/goiasemtempo.com.br\/home\/wp-json\/wp\/v2\/categories?post=40341"},{"taxonomy":"post_tag","embeddable":true,"href":"https:\/\/goiasemtempo.com.br\/home\/wp-json\/wp\/v2\/tags?post=40341"}],"curies":[{"name":"wp","href":"https:\/\/api.w.org\/{rel}","templated":true}]}}