{"id":4032,"date":"2017-12-24T15:17:24","date_gmt":"2017-12-24T15:17:24","guid":{"rendered":"http:\/\/goiasemtempo.com.br\/home\/?p=4032"},"modified":"2017-12-24T15:17:24","modified_gmt":"2017-12-24T15:17:24","slug":"duterte-quer-instaurar-um-governo-revolucionario-nas-filipinas","status":"publish","type":"post","link":"https:\/\/goiasemtempo.com.br\/home\/duterte-quer-instaurar-um-governo-revolucionario-nas-filipinas\/","title":{"rendered":"Duterte quer instaurar um governo revolucion\u00e1rio nas Filipinas"},"content":{"rendered":"<p>O presidente filipino, Rodrigo Duterte, advertiu que est\u00e1 disposto a instaurar um governo revolucion\u00e1rio ante as campanhas de desestabiliza\u00e7\u00e3o dos opositores a sua pol\u00edtica de extrema firmeza contra a criminalidade.<\/p>\n<p>Se os seus esfor\u00e7os de desestabiliza\u00e7\u00e3o persistirem no caos atual, n\u00e3o hesitarei em declarar um governo revolucion\u00e1rio at\u00e9 o fim do meu mandato, afirmou Duterte na sexta-feira \u00e0 noite.<\/p>\n<p>Ent\u00e3o poderei prender a todos e, depois, poderemos seguir com nossa guerra contra os vermelhos, declarou, em refer\u00eancia \u00e0 guerrilha comunista que atua h\u00e1 meio s\u00e9culo no sul do arquip\u00e9lago.<\/p>\n<p>Duterte acusou a CIA americana de ser parte do compl\u00f4 para desestabiliz\u00e1-lo.<\/p>\n<p>Vou declarar um governo revolucion\u00e1rio, est\u00e3o todos detidos. N\u00e3o estou espalhando medo nas pessoas, lembrem apenas isso, repetiu.<\/p>\n<p>Duterte mencionou o precedente da ex-presidente Corazon Aquino, que destituiu os deputados, aboliu o Congresso e instaurou um governo revolucion\u00e1rio depois de liderar a revolta que acabou com a ditadura de Ferdinand Marcos em 1986.<\/p>\n<p>Os advers\u00e1rios pol\u00edticos do atual presidente, que cita regularmente a possibilidade de impor a lei marcial, temem que ele caia em tenta\u00e7\u00e3o de exercer seu poder de maneira cada vez mais ditatorial.<\/p>\n<p>Rodrigo Duterte, de 72 anos, aplica uma campanha para erradicar a criminalidade vinculada \u00e0s drogas que deixou milhares de mortos.<\/p>\n","protected":false},"excerpt":{"rendered":"<p>O presidente filipino, Rodrigo Duterte, advertiu que est\u00e1 disposto a instaurar um governo revolucion\u00e1rio ante as campanhas de desestabiliza\u00e7\u00e3o dos opositores a sua pol\u00edtica de extrema firmeza contra a criminalidade. Se os seus esfor\u00e7os de desestabiliza\u00e7\u00e3o persistirem no caos atual, n\u00e3o hesitarei em declarar um governo revolucion\u00e1rio at\u00e9 o fim do meu mandato, afirmou Duterte &hellip;<\/p>\n","protected":false},"author":2,"featured_media":1402,"comment_status":"open","ping_status":"open","sticky":false,"template":"","format":"standard","meta":{"_exactmetrics_skip_tracking":false,"_exactmetrics_sitenote_active":false,"_exactmetrics_sitenote_note":"","_exactmetrics_sitenote_category":0,"footnotes":""},"categories":[4],"tags":[],"_links":{"self":[{"href":"https:\/\/goiasemtempo.com.br\/home\/wp-json\/wp\/v2\/posts\/4032"}],"collection":[{"href":"https:\/\/goiasemtempo.com.br\/home\/wp-json\/wp\/v2\/posts"}],"about":[{"href":"https:\/\/goiasemtempo.com.br\/home\/wp-json\/wp\/v2\/types\/post"}],"author":[{"embeddable":true,"href":"https:\/\/goiasemtempo.com.br\/home\/wp-json\/wp\/v2\/users\/2"}],"replies":[{"embeddable":true,"href":"https:\/\/goiasemtempo.com.br\/home\/wp-json\/wp\/v2\/comments?post=4032"}],"version-history":[{"count":1,"href":"https:\/\/goiasemtempo.com.br\/home\/wp-json\/wp\/v2\/posts\/4032\/revisions"}],"predecessor-version":[{"id":4033,"href":"https:\/\/goiasemtempo.com.br\/home\/wp-json\/wp\/v2\/posts\/4032\/revisions\/4033"}],"wp:featuredmedia":[{"embeddable":true,"href":"https:\/\/goiasemtempo.com.br\/home\/wp-json\/wp\/v2\/media\/1402"}],"wp:attachment":[{"href":"https:\/\/goiasemtempo.com.br\/home\/wp-json\/wp\/v2\/media?parent=4032"}],"wp:term":[{"taxonomy":"category","embeddable":true,"href":"https:\/\/goiasemtempo.com.br\/home\/wp-json\/wp\/v2\/categories?post=4032"},{"taxonomy":"post_tag","embeddable":true,"href":"https:\/\/goiasemtempo.com.br\/home\/wp-json\/wp\/v2\/tags?post=4032"}],"curies":[{"name":"wp","href":"https:\/\/api.w.org\/{rel}","templated":true}]}}