{"id":4030,"date":"2017-12-24T15:16:42","date_gmt":"2017-12-24T15:16:42","guid":{"rendered":"http:\/\/goiasemtempo.com.br\/home\/?p=4030"},"modified":"2017-12-24T15:16:42","modified_gmt":"2017-12-24T15:16:42","slug":"vice-presidente-catalao-adverte-que-independencia-e-a-base-do-dialogo","status":"publish","type":"post","link":"https:\/\/goiasemtempo.com.br\/home\/vice-presidente-catalao-adverte-que-independencia-e-a-base-do-dialogo\/","title":{"rendered":"Vice-presidente catal\u00e3o adverte que independ\u00eancia \u00e9 a base do di\u00e1logo"},"content":{"rendered":"<p>O n\u00famero dois do governo catal\u00e3o, Oriol Junqueras, advertiu neste s\u00e1bado que a oferta de di\u00e1logo formulada a Madri deve ter como refer\u00eancia a independ\u00eancia futura da regi\u00e3o, o que fecha um pouco mais a porta para um entendimento entre as partes.<\/p>\n<p>A Catalunha est\u00e1 na expectativa, a poucas horas do fim do prazo, na manh\u00e3 de segunda-feira, dado pelo governo do primeiro-ministro Mariano Rajoy ao presidente catal\u00e3o, o independentista Carles Puigdemont.<\/p>\n<p>O governante catal\u00e3o deve esclarecer se declarou ou n\u00e3o, na ter\u00e7a-feira passada, a secess\u00e3o durante um discurso no Parlamento regional. Na ocasi\u00e3o, Puigdemont provocou um grande desconcerto, pois declarou unilateralmente a independ\u00eancia mas a suspendeu de modo imediato, como gesto de boa vontade para propiciar um di\u00e1logo ou uma media\u00e7\u00e3o internacional.<\/p>\n<p>Caso ele responda na segunda-feira a Rajoy que declarou a independ\u00eancia, ter\u00e1 at\u00e9 quinta-feira para retificar: caso isto n\u00e3o aconte\u00e7a, o governo espanhol est\u00e1 disposto a intervir na ampla autonomia da Catalunha, com o uso do artigo 155 da Constitui\u00e7\u00e3o.<\/p>\n<p>A medida, nunca aplicada em 40 anos de democracia na Espanha, pode resultar nos protestos de milhares de independentistas, que aguardam com ansiedade o desenrolar dos acontecimentos.<\/p>\n<p>Neste contexto, Junqueras afirmou neste s\u00e1bado \u00e0 dire\u00e7\u00e3o do partido que preside, Esquerra Republicana de Catalunya, que a melhor maneira de fazer a Rep\u00fablica, de fazer a independ\u00eancia, \u00e9 poder faz\u00ea-la dialogando com todos, como m\u00ednimo com a comunidade internacional.<\/p>\n<p>No entanto, para que o di\u00e1logo tenha alguma expectativa de frutificar (&#8230;) precisa ter como refer\u00eancia a constru\u00e7\u00e3o da Rep\u00fablica e nosso compromisso com a independ\u00eancia.<\/p>\n<p>Os independentistas se amparam no referendo de autodetermina\u00e7\u00e3o de 1 de outubro, proibido pela justi\u00e7a espanhola. Apesar de n\u00e3o ter contado com as exig\u00eancias habituais (aus\u00eancia de comiss\u00e3o eleitoral e sem garantia de voto secreto), o governo catal\u00e3o o considera valido e afirma que 90% das pessoas votaram sim \u00e0 independ\u00eancia, com uma participa\u00e7\u00e3o de 43%.<\/p>\n<p>Neste sentido, Junqueras manifestou o apoio de seu partido ao presidente Puigdemont para que cumpra o mandato de 1 de outubro, que \u00e9 o mandato de constituir a Rep\u00fablica Catal\u00e3.<\/p>\n<p>Para o partido de extrema-esquerda CUP, aliado chave do governo catal\u00e3o, o di\u00e1logo com Madri \u00e9 imposs\u00edvel.<\/p>\n<p>N\u00e3o h\u00e1 di\u00e1logo poss\u00edvel, n\u00e3o h\u00e1 media\u00e7\u00e3o poss\u00edvel, disse \u00e0 imprensa em Barcelona N\u00faria Gibert, porta-voz do secretariado nacional da Candidatura de Unidade Popular.<\/p>\n<p>Ela criticou a estrat\u00e9gia do presidente regional.<\/p>\n<p>&#8211; Madri quer resposta clara &#8211;<\/p>\n<p>Puigdemont se encontra sob intensa press\u00e3o.<\/p>\n<p>Ele e seu governo s\u00e3o investigados pela justi\u00e7a espanhola por supostos delitos como o de desobedi\u00eancia. Ao mesmo tempo s\u00e3o pressionados pelos empres\u00e1rios catal\u00e3es, que diante da incerteza pol\u00edtica retiraram da regi\u00e3o a sede social de empresas importantes, como Gas Natural ou os bancos Caixabank e Sabadell.<\/p>\n<p>Entre 2 e 11 de outubro, 540 empresas mudaram a sede social.<\/p>\n<p>Ao mesmo tempo, a ala mais dura dos separatistas o incentiva a apresentar uma declara\u00e7\u00e3o formal e inequ\u00edvoca de independ\u00eancia para fortalecer sua posi\u00e7\u00e3o ante o Executivo central e a comunidade internacional.<\/p>\n<p>Neste s\u00e1bado, o ministro espanhol do Interior, Juan Ignacio Zoido, deixou claro que o governo de Rajoy n\u00e3o aceitar\u00e1 uma resposta confusa ao requerimento.<\/p>\n<p>Se responder de modo amb\u00edguo, isto significar\u00e1 que n\u00e3o quer o di\u00e1logo e, portanto, o governo da Espanha, o governo de Mariano Rajoy, que estendeu a m\u00e3o de maneira muito sincera, ter\u00e1 que aplicar as medidas correspondentes, declarou o ministro.<\/p>\n<p>Xavier Garc\u00eda Albiol, l\u00edder do Partido Popular na Catalunha (que governa a Espanha mas \u00e9 minorit\u00e1rio na regi\u00e3o) se mostrou favor\u00e1vel a aproveitar o artigo 155 para intervir em compet\u00eancias delicadas, como a educa\u00e7\u00e3o p\u00fablica e a pol\u00edcia regional catal\u00e3.<\/p>\n","protected":false},"excerpt":{"rendered":"<p>O n\u00famero dois do governo catal\u00e3o, Oriol Junqueras, advertiu neste s\u00e1bado que a oferta de di\u00e1logo formulada a Madri deve ter como refer\u00eancia a independ\u00eancia futura da regi\u00e3o, o que fecha um pouco mais a porta para um entendimento entre as partes. A Catalunha est\u00e1 na expectativa, a poucas horas do fim do prazo, na &hellip;<\/p>\n","protected":false},"author":2,"featured_media":1401,"comment_status":"open","ping_status":"open","sticky":false,"template":"","format":"standard","meta":{"_exactmetrics_skip_tracking":false,"_exactmetrics_sitenote_active":false,"_exactmetrics_sitenote_note":"","_exactmetrics_sitenote_category":0,"footnotes":""},"categories":[4],"tags":[],"_links":{"self":[{"href":"https:\/\/goiasemtempo.com.br\/home\/wp-json\/wp\/v2\/posts\/4030"}],"collection":[{"href":"https:\/\/goiasemtempo.com.br\/home\/wp-json\/wp\/v2\/posts"}],"about":[{"href":"https:\/\/goiasemtempo.com.br\/home\/wp-json\/wp\/v2\/types\/post"}],"author":[{"embeddable":true,"href":"https:\/\/goiasemtempo.com.br\/home\/wp-json\/wp\/v2\/users\/2"}],"replies":[{"embeddable":true,"href":"https:\/\/goiasemtempo.com.br\/home\/wp-json\/wp\/v2\/comments?post=4030"}],"version-history":[{"count":1,"href":"https:\/\/goiasemtempo.com.br\/home\/wp-json\/wp\/v2\/posts\/4030\/revisions"}],"predecessor-version":[{"id":4031,"href":"https:\/\/goiasemtempo.com.br\/home\/wp-json\/wp\/v2\/posts\/4030\/revisions\/4031"}],"wp:featuredmedia":[{"embeddable":true,"href":"https:\/\/goiasemtempo.com.br\/home\/wp-json\/wp\/v2\/media\/1401"}],"wp:attachment":[{"href":"https:\/\/goiasemtempo.com.br\/home\/wp-json\/wp\/v2\/media?parent=4030"}],"wp:term":[{"taxonomy":"category","embeddable":true,"href":"https:\/\/goiasemtempo.com.br\/home\/wp-json\/wp\/v2\/categories?post=4030"},{"taxonomy":"post_tag","embeddable":true,"href":"https:\/\/goiasemtempo.com.br\/home\/wp-json\/wp\/v2\/tags?post=4030"}],"curies":[{"name":"wp","href":"https:\/\/api.w.org\/{rel}","templated":true}]}}