{"id":40265,"date":"2018-09-11T00:35:23","date_gmt":"2018-09-11T00:35:23","guid":{"rendered":"https:\/\/goiasemtempo.com.br\/home\/?p=40265"},"modified":"2018-09-11T00:35:23","modified_gmt":"2018-09-11T00:35:23","slug":"tenente-baleado-em-ataque-a-penitenciaria-tem-morte-cerebral-confirmada","status":"publish","type":"post","link":"https:\/\/goiasemtempo.com.br\/home\/tenente-baleado-em-ataque-a-penitenciaria-tem-morte-cerebral-confirmada\/","title":{"rendered":"Tenente baleado em ataque a penitenci\u00e1ria tem morte cerebral confirmada"},"content":{"rendered":"<p>Baleado ao participar da persegui\u00e7\u00e3o ao grupo fortemente armado que atacou a Penitenci\u00e1ria de Seguran\u00e7a M\u00e1xima Romeu Gon\u00e7alves Abrantes, em Jo\u00e3o Pessoa (PB), na madrugada de hoje (10), o tenente da Pol\u00edcia Militar (PM) Erivaldo Moneta teve a morte cerebral confirmada no in\u00edcio da tarde. De acordo com as informa\u00e7\u00f5es do governo estadual, o objetivo do ataque foi libertar tr\u00eas assaltantes de carro-forte.<\/p>\n<p>Moneta foi atingido na cabe\u00e7a durante a troca de tiros entre policiais e parte do grupo que explodiu o port\u00e3o da unidade prisional, permitindo a fuga de 92 detentos \u2013 inicialmente, a Secretaria Estadual de Administra\u00e7\u00e3o Penitenci\u00e1ria informou que 105 presos tinham fugido, mas corrigiu a informa\u00e7\u00e3o ap\u00f3s policiais militares e agentes prisionais recontarem os apenados.<\/p>\n<p>At\u00e9 as 16 horas, 41 presos tinham sido recapturados. Um forte esquema foi montado para tentar localizar os 51 detentos que continuam \u00e0 solta. Cerca de mil policiais da Para\u00edba, Cear\u00e1, Pernambuco e Rio Grande do Norte participam das a\u00e7\u00f5es de busca e conten\u00e7\u00e3o, a fim de evitar que os fugitivos deixem o estado.<\/p>\n<h2>Objetivo da a\u00e7\u00e3o<\/h2>\n<p>De acordo com o secret\u00e1rio de Administra\u00e7\u00e3o Penitenci\u00e1ria, tenente-coronel S\u00e9rgio Fonseca de Souza, o objetivo dos cerca de 20 criminosos que atacaram a penitenci\u00e1ria a bordo de quatro ve\u00edculos era resgatar tr\u00eas suspeitos de assaltos e explos\u00e3o a carro-forte presos pela Pol\u00edcia Militar no dia 6 de agosto, em Lucena, no litoral norte da Para\u00edba: Rom\u00e1rio Gomes da Silveira, conhecido como Romarinho; Ivanilson Pereira de Macedo e Ant\u00f4nio Arc\u00eanio de Andrade Neto.<\/p>\n<p>Romarinho j\u00e1 tinha sido detido em fevereiro deste ano, durante a Opera\u00e7\u00e3o Aurora, que cumpriu mandados de pris\u00e3o preventiva e de busca e apreens\u00e3o contra suspeitos de participar de um assalto a uma ag\u00eancia da Caixa Econ\u00f4mica Federal no Shopping Partage. Na \u00e9poca em que foi detido, Romarinho ocupava um cargo comissionado no gabinete do prefeito de Campina Grande, Romero Rodrigues (PSDB), que o exonerou no mesmo dia. Romarinho est\u00e1 entre os presos que conseguiram escapar esta manh\u00e3.<\/p>\n<h2>Armamento militar<\/h2>\n<p>O grupo que atacou a penitenci\u00e1ria usava armamento de uso exclusivo militar, como fuzis 556 e 762, al\u00e9m de explosivos. Proj\u00e9teis disparados pelos criminosos chegaram a furar paredes, obrigando os policiais militares que estavam nas quatro guaritas instaladas nos muros do pres\u00eddio e os 18 agentes prisionais a recuarem e buscarem abrigo. Foi o que permitiu aos criminosos se aproximar da entrada e instalar os explosivos com que explodiram o port\u00e3o de a\u00e7o. De acordo com o secret\u00e1rio de Administra\u00e7\u00e3o Penitenci\u00e1ria, os criminosos ingressaram no pres\u00eddio e arrebentaram os cadeados das celas usando alicates especiais.<\/p>\n<p>Durante entrevista coletiva, o comandante-geral da Pol\u00edcia Militar, coronel Euller Chaves, disse a jornalistas que policiais foram deslocados para pontos estrat\u00e9gicos, onde est\u00e3o de prontid\u00e3o para \u201cca\u00e7ar esses indiv\u00edduos [fugitivos] e, se necess\u00e1rio, neutraliz\u00e1-los\u201d. Ainda durante a entrevista, as autoridades garantiram que os danos \u00e0 unidade prisional j\u00e1 foram sanados, com o conserto de dois port\u00f5es e a substitui\u00e7\u00e3o dos cadeados violados.<\/p>\n","protected":false},"excerpt":{"rendered":"<p>Baleado ao participar da persegui\u00e7\u00e3o ao grupo fortemente armado que atacou a Penitenci\u00e1ria de Seguran\u00e7a M\u00e1xima Romeu Gon\u00e7alves Abrantes, em Jo\u00e3o Pessoa (PB), na madrugada de hoje (10), o tenente da Pol\u00edcia Militar (PM) Erivaldo Moneta teve a morte cerebral confirmada no in\u00edcio da tarde. De acordo com as informa\u00e7\u00f5es do governo estadual, o objetivo &hellip;<\/p>\n","protected":false},"author":3,"featured_media":40266,"comment_status":"open","ping_status":"open","sticky":false,"template":"","format":"standard","meta":{"footnotes":""},"categories":[4],"tags":[],"class_list":["post-40265","post","type-post","status-publish","format-standard","has-post-thumbnail","hentry","category-ultimas-noticias"],"_links":{"self":[{"href":"https:\/\/goiasemtempo.com.br\/home\/wp-json\/wp\/v2\/posts\/40265","targetHints":{"allow":["GET"]}}],"collection":[{"href":"https:\/\/goiasemtempo.com.br\/home\/wp-json\/wp\/v2\/posts"}],"about":[{"href":"https:\/\/goiasemtempo.com.br\/home\/wp-json\/wp\/v2\/types\/post"}],"author":[{"embeddable":true,"href":"https:\/\/goiasemtempo.com.br\/home\/wp-json\/wp\/v2\/users\/3"}],"replies":[{"embeddable":true,"href":"https:\/\/goiasemtempo.com.br\/home\/wp-json\/wp\/v2\/comments?post=40265"}],"version-history":[{"count":1,"href":"https:\/\/goiasemtempo.com.br\/home\/wp-json\/wp\/v2\/posts\/40265\/revisions"}],"predecessor-version":[{"id":40267,"href":"https:\/\/goiasemtempo.com.br\/home\/wp-json\/wp\/v2\/posts\/40265\/revisions\/40267"}],"wp:featuredmedia":[{"embeddable":true,"href":"https:\/\/goiasemtempo.com.br\/home\/wp-json\/wp\/v2\/media\/40266"}],"wp:attachment":[{"href":"https:\/\/goiasemtempo.com.br\/home\/wp-json\/wp\/v2\/media?parent=40265"}],"wp:term":[{"taxonomy":"category","embeddable":true,"href":"https:\/\/goiasemtempo.com.br\/home\/wp-json\/wp\/v2\/categories?post=40265"},{"taxonomy":"post_tag","embeddable":true,"href":"https:\/\/goiasemtempo.com.br\/home\/wp-json\/wp\/v2\/tags?post=40265"}],"curies":[{"name":"wp","href":"https:\/\/api.w.org\/{rel}","templated":true}]}}