{"id":40002,"date":"2018-08-30T22:13:41","date_gmt":"2018-08-30T22:13:41","guid":{"rendered":"https:\/\/goiasemtempo.com.br\/home\/?p=40002"},"modified":"2018-08-30T22:13:41","modified_gmt":"2018-08-30T22:13:41","slug":"paisagismo-esta-sendo-realizado-nas-entradas-de-anapolis","status":"publish","type":"post","link":"https:\/\/goiasemtempo.com.br\/home\/paisagismo-esta-sendo-realizado-nas-entradas-de-anapolis\/","title":{"rendered":"Paisagismo est\u00e1 sendo realizado nas entradas de An\u00e1polis"},"content":{"rendered":"<p>O cen\u00e1rio em torno do viaduto Ayrton Senna, na BR-153, pr\u00f3ximo ao An\u00e1polis City e ao Bairro de Lourdes, come\u00e7a a mudar com a aplica\u00e7\u00e3o de projeto de jardinagem baseado em t\u00e9cnicas de paisagismo regenerativo. A expectativa \u00e9 conferir ao local um padr\u00e3o mais bonito e alegre, com o plantio simult\u00e2neo de mudas nativas de palmeiras e flores.<\/p>\n<p>Realizada em conformidade com as normas de tr\u00e2nsito, sem qualquer preju\u00edzo \u00e0 visibilidade de condutores, a a\u00e7\u00e3o ser\u00e1 ao canteiro central da Avenida Engenheiro Geraldo de Pina, continua\u00e7\u00e3o da Avenida Mato Grosso, haver\u00e1 o plantio de hort\u00eansias azuis, por meio de parceria com oficiais da Ala 2, cujas tratativas j\u00e1 est\u00e3o em fase final.<\/p>\n<p>A ideia do secret\u00e1rio municipal de Meio Ambiente, Planejamento Urbano e Habita\u00e7\u00e3o, Wederson Lopes, \u00e9 realizar o servi\u00e7o de jardinagem em todas as sa\u00eddas da cidade. Para tanto, as equipes t\u00e9cnicas continuam atuando no restante desse ano. \u201cVamos dar uma melhor conformidade \u00e0s entradas da cidade, utilizando de conceitos ambientalmente corretos e esteticamente adequados\u201d, explicou.<\/p>\n<p>O primeiro projeto paisag\u00edstico do tipo foi executado no viaduto do Recanto do Sol, onde tamb\u00e9m foram utilizados drenos, j\u00e1 que o local apresentava hist\u00f3rico de alagamentos. Por l\u00e1 o trabalho j\u00e1 foi conclu\u00eddo.<\/p>\n<p><img decoding=\"async\" src=\"http:\/\/www.anapolis.go.gov.br\/portal\/arquivos\/fotos\/20180830-1211\/1300818142515.jpg\" \/><\/p>\n<p>&nbsp;<\/p>\n","protected":false},"excerpt":{"rendered":"<p>O cen\u00e1rio em torno do viaduto Ayrton Senna, na BR-153, pr\u00f3ximo ao An\u00e1polis City e ao Bairro de Lourdes, come\u00e7a a mudar com a aplica\u00e7\u00e3o de projeto de jardinagem baseado em t\u00e9cnicas de paisagismo regenerativo. A expectativa \u00e9 conferir ao local um padr\u00e3o mais bonito e alegre, com o plantio simult\u00e2neo de mudas nativas de &hellip;<\/p>\n","protected":false},"author":3,"featured_media":40003,"comment_status":"open","ping_status":"open","sticky":false,"template":"","format":"standard","meta":{"_exactmetrics_skip_tracking":false,"_exactmetrics_sitenote_active":false,"_exactmetrics_sitenote_note":"","_exactmetrics_sitenote_category":0,"footnotes":""},"categories":[18],"tags":[],"_links":{"self":[{"href":"https:\/\/goiasemtempo.com.br\/home\/wp-json\/wp\/v2\/posts\/40002"}],"collection":[{"href":"https:\/\/goiasemtempo.com.br\/home\/wp-json\/wp\/v2\/posts"}],"about":[{"href":"https:\/\/goiasemtempo.com.br\/home\/wp-json\/wp\/v2\/types\/post"}],"author":[{"embeddable":true,"href":"https:\/\/goiasemtempo.com.br\/home\/wp-json\/wp\/v2\/users\/3"}],"replies":[{"embeddable":true,"href":"https:\/\/goiasemtempo.com.br\/home\/wp-json\/wp\/v2\/comments?post=40002"}],"version-history":[{"count":1,"href":"https:\/\/goiasemtempo.com.br\/home\/wp-json\/wp\/v2\/posts\/40002\/revisions"}],"predecessor-version":[{"id":40004,"href":"https:\/\/goiasemtempo.com.br\/home\/wp-json\/wp\/v2\/posts\/40002\/revisions\/40004"}],"wp:featuredmedia":[{"embeddable":true,"href":"https:\/\/goiasemtempo.com.br\/home\/wp-json\/wp\/v2\/media\/40003"}],"wp:attachment":[{"href":"https:\/\/goiasemtempo.com.br\/home\/wp-json\/wp\/v2\/media?parent=40002"}],"wp:term":[{"taxonomy":"category","embeddable":true,"href":"https:\/\/goiasemtempo.com.br\/home\/wp-json\/wp\/v2\/categories?post=40002"},{"taxonomy":"post_tag","embeddable":true,"href":"https:\/\/goiasemtempo.com.br\/home\/wp-json\/wp\/v2\/tags?post=40002"}],"curies":[{"name":"wp","href":"https:\/\/api.w.org\/{rel}","templated":true}]}}