{"id":39977,"date":"2018-08-30T03:41:22","date_gmt":"2018-08-30T03:41:22","guid":{"rendered":"https:\/\/goiasemtempo.com.br\/home\/?p=39977"},"modified":"2018-08-30T03:41:22","modified_gmt":"2018-08-30T03:41:22","slug":"cerca-de-3-mil-militares-atuarao-na-fronteira-com-a-venezuela","status":"publish","type":"post","link":"https:\/\/goiasemtempo.com.br\/home\/cerca-de-3-mil-militares-atuarao-na-fronteira-com-a-venezuela\/","title":{"rendered":"Cerca de 3 mil militares atuar\u00e3o na fronteira com a Venezuela"},"content":{"rendered":"<p>Os 3.200 homens da 1\u00aa Brigada de Infantaria de Selva do Ex\u00e9rcito &#8211; lotada em Boa Vista, mas com homens tamb\u00e9m em Manaus &#8211; ser\u00e3o respons\u00e1veis por refor\u00e7ar a seguran\u00e7a na regi\u00e3o fronteiri\u00e7a do Brasil com a Venezuela, especificamente nas faixas norte e leste, com o objetivo de dar assist\u00eancia aos venezuelanos que chegam ao pa\u00eds por Roraima.<\/p>\n<p>O trabalho consistir\u00e1 em aumentar a seguran\u00e7a na \u00e1rea, ampliar a prote\u00e7\u00e3o nos abrigos e atuar em conjunto com a For\u00e7a de Seguran\u00e7a, Pol\u00edcia Federal (PF) e a Pol\u00edcia Rodovi\u00e1ria Federal (PRF).<\/p>\n<p>As informa\u00e7\u00f5es s\u00e3o do\u00a0ministro da Defesa, general Joaquim Silva e Luna, em entrevista exclusiva \u00e0\u00a0<strong>Voz do Brasil<\/strong>, que foi ao ar nesta\u00a0quarta-feira (29).<\/p>\n<p>O ministro afirmou tamb\u00e9m que o esfor\u00e7o ser\u00e1 para que os imigrantes passem pelo posto de controle e obtenham as orienta\u00e7\u00f5es para o ingresso no pa\u00eds. Segundo ele, o centro de opera\u00e7\u00f5es conjuntas, reunindo For\u00e7as Armadas, PF e PRF, ser\u00e1 mantido de forma permanente.<\/p>\n<p>O general afirmou que os militares tamb\u00e9m v\u00e3o refor\u00e7ar a seguran\u00e7a nas rodovias BR-174, que liga Boa Vista a Pacaraima, e BR-401, que vai em dire\u00e7\u00e3o a Bonfim e Normandia, na Guiana.<\/p>\n<div class=\"dnd-widget-wrapper context-cheio_8colunas type-image\">\n<div class=\"dnd-atom-rendered\">\n<figure class=\"mejs-fotoh-wrapper\"><img decoding=\"async\" class=\"img-responsive full full\" title=\"Marcelo Camargo\/Ag\u00eancia Brasil\/Ag\u00eancia Brasil\" src=\"http:\/\/imagens.ebc.com.br\/YlpdlPyjUxUqMpoPM1OxrrvFRow=\/754x0\/smart\/http:\/\/agenciabrasil.ebc.com.br\/sites\/default\/files\/thumbnails\/image\/mcmgo_abr_2208183897.jpg?itok=-e4rIUug\" alt=\"Imigrantes venezuelanos cruzam a fronteira com o Brasil.\" \/><\/figure>\n<\/div>\n<div class=\"dnd-caption-wrapper\">\n<div class=\"meta\">Imigrantes venezuelanos cruzam a fronteira com o Brasil\u00a0&#8211;\u00a0<strong>Marcelo Camargo\/Ag\u00eancia Brasil<\/strong><\/div>\n<\/div>\n<\/div>\n<h2>Decreto<\/h2>\n<p>No\u00a0<em>Di\u00e1rio Oficial da Uni\u00e3o<\/em>\u00a0de\u00a0hoje, est\u00e1 o decreto presidencial que autoriza o emprego das For\u00e7as Armadas para a Garantia da Lei e da Ordem (GLO) em Roraima.\u00a0A autoriza\u00e7\u00e3o vale para o per\u00edodo de\u00a029 de agosto\u00a0e\u00a012 de setembro.<\/p>\n<p>O decreto foi anunciado\u00a0ontem\u00a0(28) pelo presidente Michel Temer, em cerim\u00f4nia no Pal\u00e1cio do Planalto. Segundo ele, a medida \u00e9 para dar seguran\u00e7a aos brasileiros que vivem em Roraima e tamb\u00e9m aos venezuelanos.<\/p>\n<h2>Crise no estado<\/h2>\n<p>A estimativa do governo \u00e9 que de 600 a 700 venezuelanos entram diariamente pela fronteira, dos quais 20% a 30% permanecem no pa\u00eds.<\/p>\n<p>Em Boa Vista, ainda vivem nas ruas cerca de 2 mil venezuelanos e outros 6 mil est\u00e3o em abrigos no estado. A Pol\u00edcia Federal estima que entraram no pa\u00eds quase 130 mil venezuelanos, de 2017 at\u00e9 junho deste ano. Desses, cerca de 60% j\u00e1 deixaram o territ\u00f3rio brasileiro. Os dados atualizados de ingresso de venezuelanos no pa\u00eds devem sair nos pr\u00f3ximos dias.<\/p>\n<p>Na semana passada, moradores de Pacaraima expulsaram venezuelanos de barracas e abrigos e atearam fogo a seus pertences, em um protesto contra a presen\u00e7a deles na cidade.<\/p>\n<p>O motivo do conflito foi o assalto, seguido de espancamento, sofrido por um comerciante local, supostamente cometido por quatro venezuelanos, o que provocou a revolta dos moradores da cidade.<\/p>\n","protected":false},"excerpt":{"rendered":"<p>Os 3.200 homens da 1\u00aa Brigada de Infantaria de Selva do Ex\u00e9rcito &#8211; lotada em Boa Vista, mas com homens tamb\u00e9m em Manaus &#8211; ser\u00e3o respons\u00e1veis por refor\u00e7ar a seguran\u00e7a na regi\u00e3o fronteiri\u00e7a do Brasil com a Venezuela, especificamente nas faixas norte e leste, com o objetivo de dar assist\u00eancia aos venezuelanos que chegam ao &hellip;<\/p>\n","protected":false},"author":3,"featured_media":39978,"comment_status":"open","ping_status":"open","sticky":false,"template":"","format":"standard","meta":{"footnotes":""},"categories":[4],"tags":[],"class_list":["post-39977","post","type-post","status-publish","format-standard","has-post-thumbnail","hentry","category-ultimas-noticias"],"_links":{"self":[{"href":"https:\/\/goiasemtempo.com.br\/home\/wp-json\/wp\/v2\/posts\/39977","targetHints":{"allow":["GET"]}}],"collection":[{"href":"https:\/\/goiasemtempo.com.br\/home\/wp-json\/wp\/v2\/posts"}],"about":[{"href":"https:\/\/goiasemtempo.com.br\/home\/wp-json\/wp\/v2\/types\/post"}],"author":[{"embeddable":true,"href":"https:\/\/goiasemtempo.com.br\/home\/wp-json\/wp\/v2\/users\/3"}],"replies":[{"embeddable":true,"href":"https:\/\/goiasemtempo.com.br\/home\/wp-json\/wp\/v2\/comments?post=39977"}],"version-history":[{"count":1,"href":"https:\/\/goiasemtempo.com.br\/home\/wp-json\/wp\/v2\/posts\/39977\/revisions"}],"predecessor-version":[{"id":39979,"href":"https:\/\/goiasemtempo.com.br\/home\/wp-json\/wp\/v2\/posts\/39977\/revisions\/39979"}],"wp:featuredmedia":[{"embeddable":true,"href":"https:\/\/goiasemtempo.com.br\/home\/wp-json\/wp\/v2\/media\/39978"}],"wp:attachment":[{"href":"https:\/\/goiasemtempo.com.br\/home\/wp-json\/wp\/v2\/media?parent=39977"}],"wp:term":[{"taxonomy":"category","embeddable":true,"href":"https:\/\/goiasemtempo.com.br\/home\/wp-json\/wp\/v2\/categories?post=39977"},{"taxonomy":"post_tag","embeddable":true,"href":"https:\/\/goiasemtempo.com.br\/home\/wp-json\/wp\/v2\/tags?post=39977"}],"curies":[{"name":"wp","href":"https:\/\/api.w.org\/{rel}","templated":true}]}}