{"id":39678,"date":"2018-08-15T14:42:30","date_gmt":"2018-08-15T14:42:30","guid":{"rendered":"https:\/\/goiasemtempo.com.br\/home\/?p=39678"},"modified":"2018-08-15T14:42:30","modified_gmt":"2018-08-15T14:42:30","slug":"roberto-naves-comemora-sucesso-do-arraiana-e-ja-projeta-2019","status":"publish","type":"post","link":"https:\/\/goiasemtempo.com.br\/home\/roberto-naves-comemora-sucesso-do-arraiana-e-ja-projeta-2019\/","title":{"rendered":"Roberto Naves comemora sucesso do Arraiana e j\u00e1 projeta 2019"},"content":{"rendered":"<p>O prefeito Roberto Naves fechou o balan\u00e7o do Arraiana, programa que fez parte do anivers\u00e1rio de An\u00e1polis e que teve forte vi\u00e9s social. Al\u00e9m das barracas destinadas \u00e0 explora\u00e7\u00e3o comercial das entidades filantr\u00f3picas credenciadas, foram arrecadadas 81 toneladas de alimentos que constitu\u00edram 3.500 cestas entregues a cerca de 200 fam\u00edlias cadastradas no Centro de Refer\u00eancia de Assist\u00eancia Social (Cras) da regi\u00e3o leste. Na sexta-feira, 10, foram distribu\u00eddos alimentos para 64 entidades filantr\u00f3picas.<\/p>\n<p>Na Manchester, o prefeito informou que foi iniciado o planejamento do evento para 2.019 e que empresas privadas manifestaram desejo de patrocinar o Arraiana. Roberto Naves colocou em destaque tamb\u00e9m o elevado n\u00edvel dos shows que atra\u00edram milhares de pessoas ao Est\u00e1dio Jonas Duarte. Quanto ao gramado, o prefeito disse que o material do piso do est\u00e1dio estava condenado e que ele ser\u00e1 substitu\u00eddo antes do Campeonato Goiano que ter\u00e1 a participa\u00e7\u00e3o das equipes locais.<\/p>\n<p>Mat\u00e9ria: Jairo Mendes<\/p>\n<p>Ed\u00e7\u00e3o: Marcus Vinicius Isaac<\/p>\n","protected":false},"excerpt":{"rendered":"<p>O prefeito Roberto Naves fechou o balan\u00e7o do Arraiana, programa que fez parte do anivers\u00e1rio de An\u00e1polis e que teve forte vi\u00e9s social. Al\u00e9m das barracas destinadas \u00e0 explora\u00e7\u00e3o comercial das entidades filantr\u00f3picas credenciadas, foram arrecadadas 81 toneladas de alimentos que constitu\u00edram 3.500 cestas entregues a cerca de 200 fam\u00edlias cadastradas no Centro de Refer\u00eancia &hellip;<\/p>\n","protected":false},"author":3,"featured_media":39679,"comment_status":"open","ping_status":"open","sticky":false,"template":"","format":"standard","meta":{"_exactmetrics_skip_tracking":false,"_exactmetrics_sitenote_active":false,"_exactmetrics_sitenote_note":"","_exactmetrics_sitenote_category":0,"footnotes":""},"categories":[19],"tags":[],"_links":{"self":[{"href":"https:\/\/goiasemtempo.com.br\/home\/wp-json\/wp\/v2\/posts\/39678"}],"collection":[{"href":"https:\/\/goiasemtempo.com.br\/home\/wp-json\/wp\/v2\/posts"}],"about":[{"href":"https:\/\/goiasemtempo.com.br\/home\/wp-json\/wp\/v2\/types\/post"}],"author":[{"embeddable":true,"href":"https:\/\/goiasemtempo.com.br\/home\/wp-json\/wp\/v2\/users\/3"}],"replies":[{"embeddable":true,"href":"https:\/\/goiasemtempo.com.br\/home\/wp-json\/wp\/v2\/comments?post=39678"}],"version-history":[{"count":1,"href":"https:\/\/goiasemtempo.com.br\/home\/wp-json\/wp\/v2\/posts\/39678\/revisions"}],"predecessor-version":[{"id":39680,"href":"https:\/\/goiasemtempo.com.br\/home\/wp-json\/wp\/v2\/posts\/39678\/revisions\/39680"}],"wp:featuredmedia":[{"embeddable":true,"href":"https:\/\/goiasemtempo.com.br\/home\/wp-json\/wp\/v2\/media\/39679"}],"wp:attachment":[{"href":"https:\/\/goiasemtempo.com.br\/home\/wp-json\/wp\/v2\/media?parent=39678"}],"wp:term":[{"taxonomy":"category","embeddable":true,"href":"https:\/\/goiasemtempo.com.br\/home\/wp-json\/wp\/v2\/categories?post=39678"},{"taxonomy":"post_tag","embeddable":true,"href":"https:\/\/goiasemtempo.com.br\/home\/wp-json\/wp\/v2\/tags?post=39678"}],"curies":[{"name":"wp","href":"https:\/\/api.w.org\/{rel}","templated":true}]}}