{"id":39515,"date":"2018-08-09T19:24:37","date_gmt":"2018-08-09T19:24:37","guid":{"rendered":"https:\/\/goiasemtempo.com.br\/home\/?p=39515"},"modified":"2018-08-09T19:25:52","modified_gmt":"2018-08-09T19:25:52","slug":"pedido-de-liberdade-de-lula-e-novamente-negado-por-unanimidade-pelo-stj","status":"publish","type":"post","link":"https:\/\/goiasemtempo.com.br\/home\/pedido-de-liberdade-de-lula-e-novamente-negado-por-unanimidade-pelo-stj\/","title":{"rendered":"Pedido de liberdade de Lula \u00e9 novamente negado por unanimidade pelo STJ"},"content":{"rendered":"<p>A\u00a0<span id=\"OBJ_PREFIX_DWT4271_com_zimbra_date\" role=\"link\"><span id=\"OBJ_PREFIX_DWT4277_com_zimbra_date\" role=\"link\">Quinta<\/span><\/span>\u00a0Turma do Superior Tribunal de Justi\u00e7a (STJ) negou por unanimidade um recurso do ex-presidente Luiz In\u00e1cio Lula da Silva para que tivesse garantido o\u00a0direito de\u00a0recorrer em liberdade contra sua condena\u00e7\u00e3o no caso do triplex em\u00a0Guaruj\u00e1 (SP).<\/p>\n<p>O pedido j\u00e1 havia sido negado pelo relator, ministro Felix Fischer, em\u00a0<span id=\"OBJ_PREFIX_DWT4272_com_zimbra_date\" role=\"link\"><span id=\"OBJ_PREFIX_DWT4278_com_zimbra_date\" role=\"link\">11 de junho<\/span><\/span>. Em sess\u00e3o realizada no in\u00edcio do m\u00eas, os ministros Jorge Mussi, Reynaldo Soares da Fonseca, Ribeiro Dantas e Joel Ilan Paciornik o acompanharam. O ac\u00f3rd\u00e3o (decis\u00e3o colegiada) do julgamento est\u00e1 previsto para ser publicado amanh\u00e3 (10).<\/p>\n<p>Na solicita\u00e7\u00e3o ao STJ, a defesa de Lula destacou 17 pontos que teriam sido violados no processo que resultou na pris\u00e3o do ex-presidente ou que atestam a ilegalidade da medida. Os advogados argumentaram ainda que os direitos de Lula est\u00e3o sendo\u00a0seriamente cerceados por ele estar impedido de participar do processo eleitoral.<\/p>\n<p>Os ministros do STJ entenderam n\u00e3o haver urg\u00eancia em conferir ao recurso de Lula no tribunal o chamado efeito suspensivo, quando a execu\u00e7\u00e3o de pena do condenado fica suspensa enquanto a apela\u00e7\u00e3o \u00e0 inst\u00e2ncia superior n\u00e3o \u00e9 julgada.<\/p>\n<p>Lula est\u00e1 preso desde\u00a0<span id=\"OBJ_PREFIX_DWT4273_com_zimbra_date\" role=\"link\"><span id=\"OBJ_PREFIX_DWT4279_com_zimbra_date\" role=\"link\">7 de abril<\/span><\/span>\u00a0na Superintend\u00eancia da Pol\u00edcia Federal (PF) em Curitiba, onde cumpre a pena de 12 anos e um m\u00eas pelos crimes de corrup\u00e7\u00e3o passiva e lavagem de dinheiro, imposta pelo Tribunal Regional Federal da 4\u00aa Regi\u00e3o (TRF4),\u00a0<span id=\"OBJ_PREFIX_DWT4274_com_zimbra_date\" role=\"link\"><span id=\"OBJ_PREFIX_DWT4280_com_zimbra_date\" role=\"link\">segunda<\/span><\/span>\u00a0inst\u00e2ncia da Justi\u00e7a Federal.<\/p>\n<p>O recurso especial de Lula ao STJ j\u00e1 teve sua admissibilidade apreciada pelo TRF4 e ainda deve ser analisado na Corte Superior.<\/p>\n<p>Publicado em\u00a0<span class=\"txtJustica\">09\/08\/2018 &#8211; 14:07<\/span><\/p>\n<p>Por\u00a0<span class=\"txtJustica\">Felipe Pontes \u2013 Rep\u00f3rter da Ag\u00eancia Brasil\u00a0<span class=\"newsLocation\">\u00a0Bras\u00edlia<\/span><\/span><\/p>\n","protected":false},"excerpt":{"rendered":"<p>A\u00a0Quinta\u00a0Turma do Superior Tribunal de Justi\u00e7a (STJ) negou por unanimidade um recurso do ex-presidente Luiz In\u00e1cio Lula da Silva para que tivesse garantido o\u00a0direito de\u00a0recorrer em liberdade contra sua condena\u00e7\u00e3o no caso do triplex em\u00a0Guaruj\u00e1 (SP). O pedido j\u00e1 havia sido negado pelo relator, ministro Felix Fischer, em\u00a011 de junho. Em sess\u00e3o realizada no in\u00edcio &hellip;<\/p>\n","protected":false},"author":3,"featured_media":39516,"comment_status":"open","ping_status":"open","sticky":false,"template":"","format":"standard","meta":{"_exactmetrics_skip_tracking":false,"_exactmetrics_sitenote_active":false,"_exactmetrics_sitenote_note":"","_exactmetrics_sitenote_category":0,"footnotes":""},"categories":[26],"tags":[],"_links":{"self":[{"href":"https:\/\/goiasemtempo.com.br\/home\/wp-json\/wp\/v2\/posts\/39515"}],"collection":[{"href":"https:\/\/goiasemtempo.com.br\/home\/wp-json\/wp\/v2\/posts"}],"about":[{"href":"https:\/\/goiasemtempo.com.br\/home\/wp-json\/wp\/v2\/types\/post"}],"author":[{"embeddable":true,"href":"https:\/\/goiasemtempo.com.br\/home\/wp-json\/wp\/v2\/users\/3"}],"replies":[{"embeddable":true,"href":"https:\/\/goiasemtempo.com.br\/home\/wp-json\/wp\/v2\/comments?post=39515"}],"version-history":[{"count":1,"href":"https:\/\/goiasemtempo.com.br\/home\/wp-json\/wp\/v2\/posts\/39515\/revisions"}],"predecessor-version":[{"id":39517,"href":"https:\/\/goiasemtempo.com.br\/home\/wp-json\/wp\/v2\/posts\/39515\/revisions\/39517"}],"wp:featuredmedia":[{"embeddable":true,"href":"https:\/\/goiasemtempo.com.br\/home\/wp-json\/wp\/v2\/media\/39516"}],"wp:attachment":[{"href":"https:\/\/goiasemtempo.com.br\/home\/wp-json\/wp\/v2\/media?parent=39515"}],"wp:term":[{"taxonomy":"category","embeddable":true,"href":"https:\/\/goiasemtempo.com.br\/home\/wp-json\/wp\/v2\/categories?post=39515"},{"taxonomy":"post_tag","embeddable":true,"href":"https:\/\/goiasemtempo.com.br\/home\/wp-json\/wp\/v2\/tags?post=39515"}],"curies":[{"name":"wp","href":"https:\/\/api.w.org\/{rel}","templated":true}]}}