{"id":39511,"date":"2018-08-09T19:15:33","date_gmt":"2018-08-09T19:15:33","guid":{"rendered":"https:\/\/goiasemtempo.com.br\/home\/?p=39511"},"modified":"2018-08-09T19:16:20","modified_gmt":"2018-08-09T19:16:20","slug":"vice-prefeito-marcio-candido-fica-surpreso-com-veto-na-chapa-de-ze-eliton","status":"publish","type":"post","link":"https:\/\/goiasemtempo.com.br\/home\/vice-prefeito-marcio-candido-fica-surpreso-com-veto-na-chapa-de-ze-eliton\/","title":{"rendered":"Vice-prefeito M\u00e1rcio C\u00e2ndido fica surpreso com veto na chapa de Z\u00e9 \u00c9liton"},"content":{"rendered":"<p>O vice-prefeito M\u00e1rcio C\u00e2ndido, que ficou na expectativa de sua escolha como vice na chapa encabe\u00e7ada pelo governador Jos\u00e9 Eliton, reconheceu na Manchester que a articula\u00e7\u00e3o n\u00e3o evoluiu em raz\u00e3o de veto do presidente do PSD, seu partido, o ex-deputado federal Jos\u00e9 Eliton.<\/p>\n<p>No \u00e2mbito municipal M\u00e1rcio C\u00e2ndido admite diverg\u00eancias profundas com o presidente da comiss\u00e3o provis\u00f3ria do PSD, Thiago de Souza, mas desconhece as raz\u00f5es do estremecimento em suas rela\u00e7\u00f5es. C\u00e2ndido se diz preparado para as mais diferentes fun\u00e7\u00f5es, na vida p\u00fablica ou na iniciativa privada e falou tamb\u00e9m da disposi\u00e7\u00e3o dele em continuar trabalhando. O vice-prefeito lamentou que as diverg\u00eancias pessoais vetaram An\u00e1polis na chapa majorit\u00e1ria.<\/p>\n<p>Mat\u00e9ria: Jairo Mendes<\/p>\n<p>Edi\u00e7\u00e3o:Marcus Vinicius Isaac<\/p>\n","protected":false},"excerpt":{"rendered":"<p>O vice-prefeito M\u00e1rcio C\u00e2ndido, que ficou na expectativa de sua escolha como vice na chapa encabe\u00e7ada pelo governador Jos\u00e9 Eliton, reconheceu na Manchester que a articula\u00e7\u00e3o n\u00e3o evoluiu em raz\u00e3o de veto do presidente do PSD, seu partido, o ex-deputado federal Jos\u00e9 Eliton. No \u00e2mbito municipal M\u00e1rcio C\u00e2ndido admite diverg\u00eancias profundas com o presidente da &hellip;<\/p>\n","protected":false},"author":3,"featured_media":39512,"comment_status":"open","ping_status":"open","sticky":false,"template":"","format":"standard","meta":{"footnotes":""},"categories":[4],"tags":[],"class_list":["post-39511","post","type-post","status-publish","format-standard","has-post-thumbnail","hentry","category-ultimas-noticias"],"_links":{"self":[{"href":"https:\/\/goiasemtempo.com.br\/home\/wp-json\/wp\/v2\/posts\/39511","targetHints":{"allow":["GET"]}}],"collection":[{"href":"https:\/\/goiasemtempo.com.br\/home\/wp-json\/wp\/v2\/posts"}],"about":[{"href":"https:\/\/goiasemtempo.com.br\/home\/wp-json\/wp\/v2\/types\/post"}],"author":[{"embeddable":true,"href":"https:\/\/goiasemtempo.com.br\/home\/wp-json\/wp\/v2\/users\/3"}],"replies":[{"embeddable":true,"href":"https:\/\/goiasemtempo.com.br\/home\/wp-json\/wp\/v2\/comments?post=39511"}],"version-history":[{"count":2,"href":"https:\/\/goiasemtempo.com.br\/home\/wp-json\/wp\/v2\/posts\/39511\/revisions"}],"predecessor-version":[{"id":39514,"href":"https:\/\/goiasemtempo.com.br\/home\/wp-json\/wp\/v2\/posts\/39511\/revisions\/39514"}],"wp:featuredmedia":[{"embeddable":true,"href":"https:\/\/goiasemtempo.com.br\/home\/wp-json\/wp\/v2\/media\/39512"}],"wp:attachment":[{"href":"https:\/\/goiasemtempo.com.br\/home\/wp-json\/wp\/v2\/media?parent=39511"}],"wp:term":[{"taxonomy":"category","embeddable":true,"href":"https:\/\/goiasemtempo.com.br\/home\/wp-json\/wp\/v2\/categories?post=39511"},{"taxonomy":"post_tag","embeddable":true,"href":"https:\/\/goiasemtempo.com.br\/home\/wp-json\/wp\/v2\/tags?post=39511"}],"curies":[{"name":"wp","href":"https:\/\/api.w.org\/{rel}","templated":true}]}}