{"id":39506,"date":"2018-08-09T15:41:43","date_gmt":"2018-08-09T15:41:43","guid":{"rendered":"https:\/\/goiasemtempo.com.br\/home\/?p=39506"},"modified":"2018-08-09T15:43:49","modified_gmt":"2018-08-09T15:43:49","slug":"39506","status":"publish","type":"post","link":"https:\/\/goiasemtempo.com.br\/home\/39506\/","title":{"rendered":"ACIA apresenta An\u00e1polis em semin\u00e1rio sobre seguran\u00e7a  para Minist\u00e9rio da Defesa"},"content":{"rendered":"<p>A Associa\u00e7\u00e3o Comercial e Industrial de An\u00e1polis realiza dias 16 e 17, o primeiro semin\u00e1rio da Ind\u00fastria de Defesa e Seguran\u00e7a de Goi\u00e1s.<\/p>\n<p>O evento tem como objetivo apresentar \u00e0s autoridades do Minist\u00e9rio da Defesa, das For\u00e7as Armadas, das For\u00e7as de Seguran\u00e7a, empres\u00e1rios e comunidade cient\u00edfica o expressivo diferencial competitivo e as vantagens estrat\u00e9gicas que o Estado de Goi\u00e1s. particularmente o Munic\u00edpio de An\u00e1polis, proporciona vantagens insuper\u00e1veis ao setor da Ind\u00fastria de Defesa e Seguran\u00e7a e para a Cadeia de Suprimentos das For\u00e7as Armadas e das For\u00e7as de Seguran\u00e7a.<\/p>\n<p>As principais caracter\u00edsticas identificadas em An\u00e1polis pelos estrategistas de defesa s\u00e3o: localiza\u00e7\u00e3o estrat\u00e9gica (no centro do pa\u00eds), proximidade com Bras\u00edlia, excelente log\u00edstica, infraestrutura eficiente, integra\u00e7\u00e3o dos modais rodovi\u00e1rio, ferrovi\u00e1rio e aeroportu\u00e1rio, dentre outras. Estudantes, professores, profissionais liberais, gestores p\u00fablicos e privados s\u00e3o convidados para o Semin\u00e1rio de Defesa, programado para Centro de Conven\u00e7\u00f5es. As inscri\u00e7\u00f5es pr\u00e9vias est\u00e3o abertas no site\u00a0http:\/\/ aciaanapolis.com.br\/semin\u00e1rio.<\/p>\n<p>Mat\u00e9ria: Jairo Mendes<\/p>\n<p>Edi\u00e7\u00e3o: Marcus Vinicius Isaac<\/p>\n","protected":false},"excerpt":{"rendered":"<p>A Associa\u00e7\u00e3o Comercial e Industrial de An\u00e1polis realiza dias 16 e 17, o primeiro semin\u00e1rio da Ind\u00fastria de Defesa e Seguran\u00e7a de Goi\u00e1s. O evento tem como objetivo apresentar \u00e0s autoridades do Minist\u00e9rio da Defesa, das For\u00e7as Armadas, das For\u00e7as de Seguran\u00e7a, empres\u00e1rios e comunidade cient\u00edfica o expressivo diferencial competitivo e as vantagens estrat\u00e9gicas que &hellip;<\/p>\n","protected":false},"author":3,"featured_media":39507,"comment_status":"open","ping_status":"open","sticky":false,"template":"","format":"standard","meta":{"_exactmetrics_skip_tracking":false,"_exactmetrics_sitenote_active":false,"_exactmetrics_sitenote_note":"","_exactmetrics_sitenote_category":0,"footnotes":""},"categories":[19],"tags":[],"_links":{"self":[{"href":"https:\/\/goiasemtempo.com.br\/home\/wp-json\/wp\/v2\/posts\/39506"}],"collection":[{"href":"https:\/\/goiasemtempo.com.br\/home\/wp-json\/wp\/v2\/posts"}],"about":[{"href":"https:\/\/goiasemtempo.com.br\/home\/wp-json\/wp\/v2\/types\/post"}],"author":[{"embeddable":true,"href":"https:\/\/goiasemtempo.com.br\/home\/wp-json\/wp\/v2\/users\/3"}],"replies":[{"embeddable":true,"href":"https:\/\/goiasemtempo.com.br\/home\/wp-json\/wp\/v2\/comments?post=39506"}],"version-history":[{"count":3,"href":"https:\/\/goiasemtempo.com.br\/home\/wp-json\/wp\/v2\/posts\/39506\/revisions"}],"predecessor-version":[{"id":39510,"href":"https:\/\/goiasemtempo.com.br\/home\/wp-json\/wp\/v2\/posts\/39506\/revisions\/39510"}],"wp:featuredmedia":[{"embeddable":true,"href":"https:\/\/goiasemtempo.com.br\/home\/wp-json\/wp\/v2\/media\/39507"}],"wp:attachment":[{"href":"https:\/\/goiasemtempo.com.br\/home\/wp-json\/wp\/v2\/media?parent=39506"}],"wp:term":[{"taxonomy":"category","embeddable":true,"href":"https:\/\/goiasemtempo.com.br\/home\/wp-json\/wp\/v2\/categories?post=39506"},{"taxonomy":"post_tag","embeddable":true,"href":"https:\/\/goiasemtempo.com.br\/home\/wp-json\/wp\/v2\/tags?post=39506"}],"curies":[{"name":"wp","href":"https:\/\/api.w.org\/{rel}","templated":true}]}}