{"id":3938,"date":"2017-12-24T14:44:39","date_gmt":"2017-12-24T14:44:39","guid":{"rendered":"http:\/\/goiasemtempo.com.br\/home\/?p=3938"},"modified":"2017-12-24T14:44:39","modified_gmt":"2017-12-24T14:44:39","slug":"filme-sobre-clara-nunes-estreia-com-protesto-contra-intolerancia-religiosa","status":"publish","type":"post","link":"https:\/\/goiasemtempo.com.br\/home\/filme-sobre-clara-nunes-estreia-com-protesto-contra-intolerancia-religiosa\/","title":{"rendered":"Filme sobre Clara Nunes estreia com protesto contra intoler\u00e2ncia religiosa"},"content":{"rendered":"<p>De cantora de bolero no interior de Minas Gerais a diva do samba no Rio de Janeiro, Clara Nunes se imortalizou como uma das maiores cantoras brasileiras. De vestido branco, com sua cabeleireira vasta e tiaras de conchas e flores na cabe\u00e7a, ela pr\u00f3pria narra sua hist\u00f3ria no document\u00e1rio Clara Estrela, dos realizadores Susanna Lira e Rodrigo Alzugui. Feito com imagens de arquivo, o longa-metragem estreia hoje (9) no Festival do Rio, \u00e0s 18h, no Cinepolis Lagoon, zona sul cidade. A mostra de cinema exibir\u00e1 250 filmes at\u00e9 o pr\u00f3ximo domingo (15).<\/p>\n<p>O document\u00e1rio \u00e9 resultado de um minucioso trabalho de pesquisa e traz cenas in\u00e9ditas, como a apresenta\u00e7\u00e3o da cantora na Su\u00e9cia, na d\u00e9cada de 1970. Em outras passagens, Clara Nunes revela suas ra\u00edzes, desde sua sa\u00edda de Paraopeba \u2013 cidade pr\u00f3xima a Belo Horizonte \u2013 at\u00e9 se tornar int\u00e9rprete de compositores como Cartola e de Candeia. Ela tamb\u00e9m narra a influ\u00eancia das religi\u00f5es afro em sua obra. Candeia, ali\u00e1s, \u00e9 autor de O mar serenou, uma das m\u00fasicas mais executadas de Clara at\u00e9 hoje, passados mais de 30 anos de sua morte. Clara faleceu prematuramente, por uma complica\u00e7\u00e3o ap\u00f3s uma cirurgia de varizes.<\/p>\n<p>Para a estreia hoje, a produ\u00e7\u00e3o do filme pede que espectadores compare\u00e7am vestidos de branco para um protesto contra a intoler\u00e2ncia religiosa, um tema relevante para Clara Nunes, que era umbandista. O document\u00e1rio tamb\u00e9m ser\u00e1 exibido amanh\u00e3 (10), \u00e0s 18h, no Espa\u00e7o BNDES, no centro, e na quarta-feira (11), \u00e0s 14h, no Ponto Cine, no bairro de Guadalupe, na zona norte. A cantora era idolatrada na regi\u00e3o, popularmente conhecida como sub\u00farbio.<\/p>\n<p>Primeira pessoa<\/p>\n<p>A dire\u00e7\u00e3o optou por um document\u00e1rio em primeira pessoa, sem entrevistas com artistas contempor\u00e2neos ou bi\u00f3grafos. A diretora Susanna Lira explicou que, diante do vasto acervo audiovisual, seria importante deixar a pr\u00f3pria se apresentar, sobretudo \u00e0s novas gera\u00e7\u00f5es.<\/p>\n<p>\u201cAchamos que, primeiro, \u00edamos dar voz a uma pessoa que morreu h\u00e1 tr\u00eas d\u00e9cada, da forma mais pr\u00f3xima a que ela usaria para contar a pr\u00f3pria hist\u00f3ria\u201d, disse. \u201cSe alguns fatos [sobre sua vida] n\u00e3o est\u00e3o no filme \u00e9 porque ela n\u00e3o mencionou, ent\u00e3o [n\u00e3o queria falar sobre isso], a gente n\u00e3o colocou. O resultado \u00e9 bem po\u00e9tico\u201d, define.<\/p>\n<p>Quando n\u00e3o \u00e9 a pr\u00f3pria Clara quem comenta sua vida em in\u00fameras entrevistas dadas a emissoras de TV e r\u00e1dio ao longo dos anos, a atriz Dira Paes \u00e9 quem interpreta a cantora em alguns trechos. A escolha de Dira foi feita para dar ainda mais peso \u00e0 brasilidade da cantora, explicou Susanna Lira. \u201cClara representava essa mulher que vinha do interior para a cidade grande, o que \u00e9 o caso da pr\u00f3pria Dira, que tem uma trajet\u00f3ria semelhante, por ter vindo do Par\u00e1\u201d, justificou.<\/p>\n<p>Apesar do vasto material dispon\u00edvel, Clara Nunes, que rompeu paradigmas na ind\u00fastria fonogr\u00e1fica e chegou a vender mais de 100 mil c\u00f3pias, n\u00e3o tinha sido retratada em um document\u00e1rio at\u00e9 hoje. Para os realizadores, essa foi tamb\u00e9m uma oportunidade de misturar passado e presente.<\/p>\n<p>Susanna conta que o que mais a surpreendeu fazendo o filme foi perceber o quanto Clara Nunes \u00e9 atual. \u201cJ\u00e1 naquela \u00e9poca ela falava sobre empoderamento da mulher, a import\u00e2ncia da mulher trabalhar, ser independente, sobre intoler\u00e2ncia religiosa, sobre o respeito \u00e0 f\u00e9 do outro\u201d, destacou.<\/p>\n<p>Premi\u00e8re Brasil<\/p>\n<p>Clara Estrela integra a mostra Retratos, que re\u00fane biografias dentro da Premi\u00e8re Brasil. Nela, tamb\u00e9m est\u00e1 em cartaz o filme Callado, da documentarista Em\u00edlia Silveira e Henfil, de Angela Zo\u00e9. O primeiro marca o centen\u00e1rio do escritor e jornalista Ant\u00f4nio Callado, incluindo a passagem dele pela brit\u00e2nica BBC, al\u00e9m de bastidores de suas reportagens. As \u00faltimas exibi\u00e7\u00f5es de Callado no festival s\u00e3o hoje, \u00e0s 18h, no BNDES, e amanh\u00e3, \u00e0s 14h, no Ponto Cine.<\/p>\n<p>\u201cEsse \u00e9 um filme sobre uma paix\u00e3o\u201d, contou a documentarista Emilia Silveira. \u201cEle era um grande escritor e jornalista. Seu livro mais famoso, o Quarup, marcou minha vida, minha juventude\u201d, completou Emilia, que tamb\u00e9m \u00e9 autora do filme Galeria F. Ela juntou o centen\u00e1rio de Callado com os 50 anos do romance Quarup para abordar a vida e a obra do artista.<\/p>\n<p>J\u00e1 o filme sobre Henfil recupera o trabalho do cartunista e ativista dos direitos humanos com depoimentos de seus colegas do jornal Pasquim. A obra mostra como o artista usou seus desenhos contra a ditadura militar e tamb\u00e9m para falar da hemofilia, doen\u00e7a da qual sofria. Ele precisava fazer constantes transfus\u00f5es de sangue, por meio das quais acabou contraindo o v\u00edrus HIV. O longa estreou semana passada e sua \u00faltima exibi\u00e7\u00e3o ser\u00e1 sexta-feira (13), \u00e0s 14h, no Ponto Cine.<\/p>\n","protected":false},"excerpt":{"rendered":"<p>De cantora de bolero no interior de Minas Gerais a diva do samba no Rio de Janeiro, Clara Nunes se imortalizou como uma das maiores cantoras brasileiras. De vestido branco, com sua cabeleireira vasta e tiaras de conchas e flores na cabe\u00e7a, ela pr\u00f3pria narra sua hist\u00f3ria no document\u00e1rio Clara Estrela, dos realizadores Susanna Lira &hellip;<\/p>\n","protected":false},"author":2,"featured_media":1355,"comment_status":"open","ping_status":"open","sticky":false,"template":"","format":"standard","meta":{"_exactmetrics_skip_tracking":false,"_exactmetrics_sitenote_active":false,"_exactmetrics_sitenote_note":"","_exactmetrics_sitenote_category":0,"footnotes":""},"categories":[4],"tags":[],"_links":{"self":[{"href":"https:\/\/goiasemtempo.com.br\/home\/wp-json\/wp\/v2\/posts\/3938"}],"collection":[{"href":"https:\/\/goiasemtempo.com.br\/home\/wp-json\/wp\/v2\/posts"}],"about":[{"href":"https:\/\/goiasemtempo.com.br\/home\/wp-json\/wp\/v2\/types\/post"}],"author":[{"embeddable":true,"href":"https:\/\/goiasemtempo.com.br\/home\/wp-json\/wp\/v2\/users\/2"}],"replies":[{"embeddable":true,"href":"https:\/\/goiasemtempo.com.br\/home\/wp-json\/wp\/v2\/comments?post=3938"}],"version-history":[{"count":1,"href":"https:\/\/goiasemtempo.com.br\/home\/wp-json\/wp\/v2\/posts\/3938\/revisions"}],"predecessor-version":[{"id":3939,"href":"https:\/\/goiasemtempo.com.br\/home\/wp-json\/wp\/v2\/posts\/3938\/revisions\/3939"}],"wp:featuredmedia":[{"embeddable":true,"href":"https:\/\/goiasemtempo.com.br\/home\/wp-json\/wp\/v2\/media\/1355"}],"wp:attachment":[{"href":"https:\/\/goiasemtempo.com.br\/home\/wp-json\/wp\/v2\/media?parent=3938"}],"wp:term":[{"taxonomy":"category","embeddable":true,"href":"https:\/\/goiasemtempo.com.br\/home\/wp-json\/wp\/v2\/categories?post=3938"},{"taxonomy":"post_tag","embeddable":true,"href":"https:\/\/goiasemtempo.com.br\/home\/wp-json\/wp\/v2\/tags?post=3938"}],"curies":[{"name":"wp","href":"https:\/\/api.w.org\/{rel}","templated":true}]}}