{"id":39298,"date":"2018-08-03T22:58:55","date_gmt":"2018-08-03T22:58:55","guid":{"rendered":"https:\/\/goiasemtempo.com.br\/home\/?p=39298"},"modified":"2018-08-03T22:59:54","modified_gmt":"2018-08-03T22:59:54","slug":"vacinacao-contra-a-poliomielite-e-o-sarampo-comeca-na-segunda-feira","status":"publish","type":"post","link":"https:\/\/goiasemtempo.com.br\/home\/vacinacao-contra-a-poliomielite-e-o-sarampo-comeca-na-segunda-feira\/","title":{"rendered":"Vacina\u00e7\u00e3o contra a poliomielite e o sarampo em An\u00e1polis come\u00e7a na segunda-feira"},"content":{"rendered":"<p>\u201cO que faz mal \u00e9 a doen\u00e7a e n\u00e3o a vacina\u201d. Com esse lema, a Prefeitura de An\u00e1polis, por meio da Secretaria Municipal de Sa\u00fade inicia na segunda-feira, 6, a campanha de vacina\u00e7\u00e3o contra o sarampo e paralisia infantil (poliomielite). A imuniza\u00e7\u00e3o acontece at\u00e9 31 de agosto nas unidades listadas abaixo e tem como p\u00fablico-alvo crian\u00e7as com idade entre um e cinco anos incompletos.<\/p>\n<p>O Dia D tamb\u00e9m est\u00e1 agendado. Ser\u00e1 no s\u00e1bado, 18, das 8h \u00e0s 17h, em todas as unidades de sa\u00fade do munic\u00edpio, exceto rede de urg\u00eancia e emerg\u00eancia (Hospital Municipal, Cais Abadia Lopes e Jardim Progresso, e UPA). Haver\u00e1 ainda um posto de vacina\u00e7\u00e3o na Pra\u00e7a Americano do Brasil. A Secretaria Municipal de Sa\u00fade lembra que \u00e9 necess\u00e1rio levar o cart\u00e3o de vacinas.<\/p>\n<p>Todos os enfermeiros e t\u00e9cnicos de enfermagem envolvidos na campanha passaram por capacita\u00e7\u00e3o. Neste ano, o governo federal aproveitou a mobiliza\u00e7\u00e3o nacional contra a paralisia infantil, que sempre acontece em agosto, para tamb\u00e9m imunizar as crian\u00e7as contra o sarampo, j\u00e1 que os casos da doen\u00e7a aumentaram no Pa\u00eds. Inclusive, estados da regi\u00e3o norte como Amazonas e Roraima, tiveram a vacina\u00e7\u00e3o antecipada. Segundo o Minist\u00e9rio da Sa\u00fade, esse aumento do v\u00edrus \u00e9 explicado pela constante migra\u00e7\u00e3o para o Brasil.<\/p>\n<p>Outra preocupa\u00e7\u00e3o \u00e9 relacionada ao fato de muitas pessoas deixarem de se vacinar. Em algumas cidades, a imuniza\u00e7\u00e3o est\u00e1 abaixo da meta de 50% de sarampo e at\u00e9 da poliomielite, doen\u00e7a erradicada h\u00e1 anos no Brasil. \u201cH\u00e1 uma preocupa\u00e7\u00e3o com esses casos. Por isso temos que conscientizar a popula\u00e7\u00e3o sobre a import\u00e2ncia de se proteger\u201d, ressalta o coordenador de Vigil\u00e2ncia em Sa\u00fade, J\u00falio C\u00e9sar Sp\u00edndola.<\/p>\n<p><strong>Sobre o Sarampo<\/strong><\/p>\n<p>A preven\u00e7\u00e3o contra o sarampo \u00e9 a tr\u00edplice viral, medica\u00e7\u00e3o injet\u00e1vel que que tamb\u00e9m protege contra a caxumba e a rub\u00e9ola. O sarampo \u00e9 transmitido atrav\u00e9s da fala, tosse, respira\u00e7\u00e3o e secre\u00e7\u00f5es expelidas pelo doente. Considerada uma doen\u00e7a infecciosa altamente contagiosa, ela se manifesta por manchas avermelhadas na pele que se iniciam no rosto e progridem em dire\u00e7\u00e3o aos p\u00e9s.<\/p>\n<p>Outros sintomas tamb\u00e9m conhecidos s\u00e3o febre, tosse, mal-estar, conjuntivite, coriza, perda do apetite e manchas brancas na parte interna das bochechas. Al\u00e9m disso, o sarampo tamb\u00e9m compromete o funcionamento de diversos \u00f3rg\u00e3os. O per\u00edodo de transmiss\u00e3o pode variar entre quatro e seis dias at\u00e9 o surgimento dos sintomas.<\/p>\n<p><strong>Sobre a paralisia infantil<\/strong><\/p>\n<p>A poliomielite, tamb\u00e9m conhecida como paralisia infantil ou simplesmente p\u00f3lio, \u00e9 uma doen\u00e7a grave que \u00e9 provocada por um v\u00edrus que afeta o sistema nervoso e pode levar \u00e0 imobilidade irrevers\u00edvel dos membros. A principal maneira de evit\u00e1-la \u00e9 por meio da\u00a0vacina que pode ser oral ou injet\u00e1vel, dependendo do cart\u00e3o da crian\u00e7a.<\/p>\n<p>Embora a imuniza\u00e7\u00e3o esteja dispon\u00edvel gratuitamente no Sistema \u00danico de Sa\u00fade (SUS), o\u00a0<a href=\"http:\/\/portalms.saude.gov.br\/noticias\/agencia-saude\/43797-ministerio-da-saude-alerta-para-baixas-coberturas-vacinais-para-polio\">Minist\u00e9rio da Sa\u00fade\u00a0alertou em nota<\/a>\u00a0que mais de 300 munic\u00edpios brasileiros est\u00e3o com cobertura vacinal abaixo do esperado, o que \u00e9 um sinal vermelho para o risco de volta da doen\u00e7a, erradicada desde 1994 no Pa\u00eds.<\/p>\n<p><strong>Campanha de vacina\u00e7\u00e3o contra o sarampo e paralisia infantil<\/strong><\/p>\n<p><strong>6 a 31 de agosto (8h \u00e0s 17h)<\/strong><\/p>\n<p>Vacinas nos seguintes postos:<\/p>\n<p>Bairro JK<\/p>\n<p>Jardim Guanabara<\/p>\n<p>Parque dos Pirineus<\/p>\n<p>Bairro das Bandeiras<\/p>\n<p>Anexo Itamaraty<\/p>\n<p>Bairro S\u00e3o Louren\u00e7o<\/p>\n<p>Adriana Parque<\/p>\n<p>Vivian Parque<\/p>\n<p>Vila Uni\u00e3o<\/p>\n<p>Jardim Arco Verde\/Setor Sul<\/p>\n<p>Vila Esperan\u00e7a<\/p>\n<p>Bairro Calixtol\u00e2ndia<\/p>\n<p>Bairro S\u00e3o Carlos<\/p>\n<p>Bairro Recanto do Sol<\/p>\n<p>Jardim Su\u00ed\u00e7o<\/p>\n<p>Vila Fabril<\/p>\n<p>Bairro Jundia\u00ed &#8211; Unidade de Sa\u00fade Dr. Ilion Fleury (Osego)<\/p>\n<p>&nbsp;<\/p>\n<p><strong>Dia D &#8211; 18 de agosto (8h \u00e0s 17h)<\/strong><\/p>\n<p>Pra\u00e7a Americano do Brasil<\/p>\n<p>Todas as unidades de sa\u00fade, exceto rede de urg\u00eancia e emerg\u00eancia (Hospital Municipal, Cais Abadia Lopes e Jardim Progresso, e UPA)<\/p>\n<p>&nbsp;<\/p>\n","protected":false},"excerpt":{"rendered":"<p>\u201cO que faz mal \u00e9 a doen\u00e7a e n\u00e3o a vacina\u201d. Com esse lema, a Prefeitura de An\u00e1polis, por meio da Secretaria Municipal de Sa\u00fade inicia na segunda-feira, 6, a campanha de vacina\u00e7\u00e3o contra o sarampo e paralisia infantil (poliomielite). A imuniza\u00e7\u00e3o acontece at\u00e9 31 de agosto nas unidades listadas abaixo e tem como p\u00fablico-alvo &hellip;<\/p>\n","protected":false},"author":3,"featured_media":39299,"comment_status":"open","ping_status":"open","sticky":false,"template":"","format":"standard","meta":{"_exactmetrics_skip_tracking":false,"_exactmetrics_sitenote_active":false,"_exactmetrics_sitenote_note":"","_exactmetrics_sitenote_category":0,"footnotes":""},"categories":[16],"tags":[],"_links":{"self":[{"href":"https:\/\/goiasemtempo.com.br\/home\/wp-json\/wp\/v2\/posts\/39298"}],"collection":[{"href":"https:\/\/goiasemtempo.com.br\/home\/wp-json\/wp\/v2\/posts"}],"about":[{"href":"https:\/\/goiasemtempo.com.br\/home\/wp-json\/wp\/v2\/types\/post"}],"author":[{"embeddable":true,"href":"https:\/\/goiasemtempo.com.br\/home\/wp-json\/wp\/v2\/users\/3"}],"replies":[{"embeddable":true,"href":"https:\/\/goiasemtempo.com.br\/home\/wp-json\/wp\/v2\/comments?post=39298"}],"version-history":[{"count":2,"href":"https:\/\/goiasemtempo.com.br\/home\/wp-json\/wp\/v2\/posts\/39298\/revisions"}],"predecessor-version":[{"id":39301,"href":"https:\/\/goiasemtempo.com.br\/home\/wp-json\/wp\/v2\/posts\/39298\/revisions\/39301"}],"wp:featuredmedia":[{"embeddable":true,"href":"https:\/\/goiasemtempo.com.br\/home\/wp-json\/wp\/v2\/media\/39299"}],"wp:attachment":[{"href":"https:\/\/goiasemtempo.com.br\/home\/wp-json\/wp\/v2\/media?parent=39298"}],"wp:term":[{"taxonomy":"category","embeddable":true,"href":"https:\/\/goiasemtempo.com.br\/home\/wp-json\/wp\/v2\/categories?post=39298"},{"taxonomy":"post_tag","embeddable":true,"href":"https:\/\/goiasemtempo.com.br\/home\/wp-json\/wp\/v2\/tags?post=39298"}],"curies":[{"name":"wp","href":"https:\/\/api.w.org\/{rel}","templated":true}]}}