{"id":39182,"date":"2018-07-30T21:40:00","date_gmt":"2018-07-30T21:40:00","guid":{"rendered":"https:\/\/goiasemtempo.com.br\/home\/?p=39182"},"modified":"2018-07-31T00:56:09","modified_gmt":"2018-07-31T00:56:09","slug":"desfile-civico-militar-abre-comemoracoes-do-aiversario-de-anapolis-neste-31-de-julho","status":"publish","type":"post","link":"https:\/\/goiasemtempo.com.br\/home\/desfile-civico-militar-abre-comemoracoes-do-aiversario-de-anapolis-neste-31-de-julho\/","title":{"rendered":"Desfile c\u00edvico-militar abre comemora\u00e7\u00f5es do anivers\u00e1rio de An\u00e1polis neste 31 de Julho"},"content":{"rendered":"<p>Marcando o encerramento das comemora\u00e7\u00f5es alusivas aos 111 anos de An\u00e1polis, a Prefeitura realiza nesta ter\u00e7a-feira, 31, o tradicional desfile c\u00edvico-militar, a partir das 8 horas. O evento conta com a participa\u00e7\u00e3o de membros de corpora\u00e7\u00f5es de v\u00e1rias institui\u00e7\u00f5es de seguran\u00e7a, de \u00f3rg\u00e3os municipais, de estudantes da rede p\u00fablica da cidade e de bandas que animam o itiner\u00e1rio do percurso.<\/p>\n<p>A cerim\u00f4nia inicia com o hasteamento dos pavilh\u00f5es e, em seguida, haver\u00e1 o desfile dos 19 grupos confirmados num trajeto que inicia no cruzamento das Avenidas Goi\u00e1s e Jos\u00e9 Louren\u00e7o Dias. Os participantes sobem a Avenida Goi\u00e1s sentido regi\u00e3o central, finalizando na passagem pelo palanque de autoridades instalado em frente \u00e0 Catedral do Bom Jesus. O evento tem a tradi\u00e7\u00e3o de contar com a efetiva presen\u00e7a da comunidade anapolina, com previs\u00e3o de reunir milhares de pessoas.<\/p>\n<p><strong>Confira quem s\u00e3o os participantes do desfile<\/strong><\/p>\n<p>Ala 2<\/p>\n<p>Tiro de Guerra<\/p>\n<p>Pol\u00edcia Militar do Estado de Goi\u00e1s<\/p>\n<p>Corpo de Bombeiros<\/p>\n<p>Col\u00e9gio da Pol\u00edcia Militar de Goi\u00e1s \u2013 Unidade Cesar Toledo<\/p>\n<p>Col\u00e9gio da Pol\u00edcia Militar de Goi\u00e1s \u2013 Unidade Gabriel Issa<\/p>\n<p>Col\u00e9gio da Pol\u00edcia Militar de Goi\u00e1s \u2013 Arlindo Costa<\/p>\n<p>Banda do Col\u00e9gio Estadual Leiny Lopes<\/p>\n<p>Secretaria Municipal de Educa\u00e7\u00e3o<\/p>\n<p>CMTT<\/p>\n<p>Secretaria Municipal de Desenvolvimento Social<\/p>\n<p>Secretaria Municipal de Cultura<\/p>\n<p>Rotary Clube<\/p>\n<p>Secretaria Municipal de Governo<\/p>\n<p>Secretaria Municipal de Esportes<\/p>\n<p>Secretaria Municipal de Sa\u00fade<\/p>\n<p>Banda do Col\u00e9gio Estadual Padre Trindade<\/p>\n<p>Secretaria Municipal de Desenvolvimento Econ\u00f4mico e Agricultura<\/p>\n<p>Instituto Pastoral da Crian\u00e7a<\/p>\n<p>Procon<\/p>\n<p>Secretaria Municipal de Meio Ambiente<\/p>\n<p>Banda do Col\u00e9gio Estadual Jos\u00e9 Ludovico de Almeida<\/p>\n<p>Observat\u00f3rio Municipal de Seguran\u00e7a<\/p>\n<p>Secretaria Municipal de Obras e Servi\u00e7os Urbanos<\/p>\n<p>Banda Racional<\/p>\n","protected":false},"excerpt":{"rendered":"<p>Marcando o encerramento das comemora\u00e7\u00f5es alusivas aos 111 anos de An\u00e1polis, a Prefeitura realiza nesta ter\u00e7a-feira, 31, o tradicional desfile c\u00edvico-militar, a partir das 8 horas. O evento conta com a participa\u00e7\u00e3o de membros de corpora\u00e7\u00f5es de v\u00e1rias institui\u00e7\u00f5es de seguran\u00e7a, de \u00f3rg\u00e3os municipais, de estudantes da rede p\u00fablica da cidade e de bandas que &hellip;<\/p>\n","protected":false},"author":3,"featured_media":39183,"comment_status":"open","ping_status":"open","sticky":false,"template":"","format":"standard","meta":{"_exactmetrics_skip_tracking":false,"_exactmetrics_sitenote_active":false,"_exactmetrics_sitenote_note":"","_exactmetrics_sitenote_category":0,"footnotes":""},"categories":[19],"tags":[],"_links":{"self":[{"href":"https:\/\/goiasemtempo.com.br\/home\/wp-json\/wp\/v2\/posts\/39182"}],"collection":[{"href":"https:\/\/goiasemtempo.com.br\/home\/wp-json\/wp\/v2\/posts"}],"about":[{"href":"https:\/\/goiasemtempo.com.br\/home\/wp-json\/wp\/v2\/types\/post"}],"author":[{"embeddable":true,"href":"https:\/\/goiasemtempo.com.br\/home\/wp-json\/wp\/v2\/users\/3"}],"replies":[{"embeddable":true,"href":"https:\/\/goiasemtempo.com.br\/home\/wp-json\/wp\/v2\/comments?post=39182"}],"version-history":[{"count":2,"href":"https:\/\/goiasemtempo.com.br\/home\/wp-json\/wp\/v2\/posts\/39182\/revisions"}],"predecessor-version":[{"id":39192,"href":"https:\/\/goiasemtempo.com.br\/home\/wp-json\/wp\/v2\/posts\/39182\/revisions\/39192"}],"wp:featuredmedia":[{"embeddable":true,"href":"https:\/\/goiasemtempo.com.br\/home\/wp-json\/wp\/v2\/media\/39183"}],"wp:attachment":[{"href":"https:\/\/goiasemtempo.com.br\/home\/wp-json\/wp\/v2\/media?parent=39182"}],"wp:term":[{"taxonomy":"category","embeddable":true,"href":"https:\/\/goiasemtempo.com.br\/home\/wp-json\/wp\/v2\/categories?post=39182"},{"taxonomy":"post_tag","embeddable":true,"href":"https:\/\/goiasemtempo.com.br\/home\/wp-json\/wp\/v2\/tags?post=39182"}],"curies":[{"name":"wp","href":"https:\/\/api.w.org\/{rel}","templated":true}]}}