{"id":39044,"date":"2018-07-19T19:44:49","date_gmt":"2018-07-19T19:44:49","guid":{"rendered":"https:\/\/goiasemtempo.com.br\/home\/?p=39044"},"modified":"2018-07-19T19:44:49","modified_gmt":"2018-07-19T19:44:49","slug":"luiz-estevao-e-ex-ministro-geddel-vao-para-area-de-seguranca-maxima-da-papuda","status":"publish","type":"post","link":"https:\/\/goiasemtempo.com.br\/home\/luiz-estevao-e-ex-ministro-geddel-vao-para-area-de-seguranca-maxima-da-papuda\/","title":{"rendered":"Luiz Estev\u00e3o e ex-ministro Geddel v\u00e3o para \u00e1rea de seguran\u00e7a m\u00e1xima da Papuda"},"content":{"rendered":"<p>A Vara de Execu\u00e7\u00f5es Penais (VEP) do Distrito Federal decidiu\u00a0<span id=\"OBJ_PREFIX_DWT2658_com_zimbra_date\" role=\"link\"><span id=\"OBJ_PREFIX_DWT2663_com_zimbra_date\" role=\"link\">hoje<\/span><\/span>\u00a0(19) determinar a transfer\u00eancia do ex-senador Luiz Estev\u00e3o e do ex-ministro Geddel Vieira Lima para o bloco de seguran\u00e7a m\u00e1xima da Penitenci\u00e1ria da Papuda, em Bras\u00edlia.<\/p>\n<p>A medida foi tomada pela Justi\u00e7a ap\u00f3s a opera\u00e7\u00e3o da Pol\u00edcia Civil do Distrito Federal, que,\u00a0no\u00a0<span id=\"OBJ_PREFIX_DWT2659_com_zimbra_date\" role=\"link\"><span id=\"OBJ_PREFIX_DWT2664_com_zimbra_date\" role=\"link\">domingo<\/span><\/span>\u00a0(17),\u00a0<a href=\"http:\/\/agenciabrasil.ebc.com.br\/geral\/noticia\/2018-06\/policia-civil-investiga-acoes-do-ex-senador-luiz-estevao-na-papuda\" target=\"_blank\" rel=\"noopener\">encontrou ind\u00edcios de privil\u00e9gios<\/a>concedidos aos presos. Na opera\u00e7\u00e3o, mais de 30 agentes encontraram chocolate, tesoura e cinco mini\u00a0<em>pen drives<\/em>\u00a0na cela do ex-senador.<\/p>\n<p>Ao decidir a quest\u00e3o, a ju\u00edza Leila Cury entendeu que os acusados n\u00e3o podem ficar em celas pr\u00f3ximas durante o procedimento de apura\u00e7\u00e3o do caso. Para a magistrada, h\u00e1 ind\u00edcios de que Luiz Estev\u00e3o \u201cvem exercendo lideran\u00e7a negativa\u201d, ap\u00f3s\u00a0<span id=\"OBJ_PREFIX_DWT2660_com_zimbra_date\" role=\"link\"><span id=\"OBJ_PREFIX_DWT2665_com_zimbra_date\" role=\"link\">ter<\/span><\/span>\u00a0sido flagrado duas vezes com objetos proibidos.<\/p>\n<p>\u201cH\u00e1 ind\u00edcios de que ele vem exercendo lideran\u00e7a negativa no ambiente em que atualmente est\u00e1 recolhido, pois, atrav\u00e9s de alguma das hip\u00f3teses acima elencadas (ou eventualmente de qualquer outra sequer imaginada) ele j\u00e1 foi flagrado, pelo menos duas vezes, na posse de objetos proibidos, tudo estando a indicar que, se n\u00e3o for imediatamente realocado em outro local, al\u00e9m de dificultar a efetiva apura\u00e7\u00e3o dos fatos, pode vir a conseguir novamente outros privil\u00e9gios. \u201d, decidiu a ju\u00edza.<\/p>\n<p>Luiz Estev\u00e3o foi condenado a 31 anos de pris\u00e3o pelo desvio, na d\u00e9cada de 1990, de R$ 169 milh\u00f5es na execu\u00e7\u00e3o da obra da sede do Tribunal Regional do Trabalho em S\u00e3o Paulo.\u00a0Geddel foi preso preventivamente em\u00a0<span id=\"OBJ_PREFIX_DWT2661_com_zimbra_date\" role=\"link\"><span id=\"OBJ_PREFIX_DWT2666_com_zimbra_date\" role=\"link\">8 de setembro<\/span><\/span>\u00a0do ano passado, depois de serem encontrados<span id=\"OBJ_PREFIX_DWT2662_com_zimbra_url\" role=\"link\"><span id=\"OBJ_PREFIX_DWT2667_com_zimbra_url\" role=\"link\"><a href=\"http:\/\/agenciabrasil.ebc.com.br\/politica\/noticia\/2017-09\/dinheiro-achado-em-imovel-que-seria-usado-por-geddel-soma-mais-de-r-51\" target=\"_blank\" rel=\"noopener\">\u00a0R$ 51 milh\u00f5es<\/a><\/span><\/span>\u00a0dentro de malas e caixas de papel\u00e3o no im\u00f3vel de um amigo, pr\u00f3ximo a sua resid\u00eancia. A apreens\u00e3o foi poss\u00edvel devido a uma den\u00fancia an\u00f4nima.<\/p>\n","protected":false},"excerpt":{"rendered":"<p>A Vara de Execu\u00e7\u00f5es Penais (VEP) do Distrito Federal decidiu\u00a0hoje\u00a0(19) determinar a transfer\u00eancia do ex-senador Luiz Estev\u00e3o e do ex-ministro Geddel Vieira Lima para o bloco de seguran\u00e7a m\u00e1xima da Penitenci\u00e1ria da Papuda, em Bras\u00edlia. A medida foi tomada pela Justi\u00e7a ap\u00f3s a opera\u00e7\u00e3o da Pol\u00edcia Civil do Distrito Federal, que,\u00a0no\u00a0domingo\u00a0(17),\u00a0encontrou ind\u00edcios de privil\u00e9giosconcedidos aos &hellip;<\/p>\n","protected":false},"author":3,"featured_media":39045,"comment_status":"open","ping_status":"open","sticky":false,"template":"","format":"standard","meta":{"_exactmetrics_skip_tracking":false,"_exactmetrics_sitenote_active":false,"_exactmetrics_sitenote_note":"","_exactmetrics_sitenote_category":0,"footnotes":""},"categories":[26],"tags":[],"_links":{"self":[{"href":"https:\/\/goiasemtempo.com.br\/home\/wp-json\/wp\/v2\/posts\/39044"}],"collection":[{"href":"https:\/\/goiasemtempo.com.br\/home\/wp-json\/wp\/v2\/posts"}],"about":[{"href":"https:\/\/goiasemtempo.com.br\/home\/wp-json\/wp\/v2\/types\/post"}],"author":[{"embeddable":true,"href":"https:\/\/goiasemtempo.com.br\/home\/wp-json\/wp\/v2\/users\/3"}],"replies":[{"embeddable":true,"href":"https:\/\/goiasemtempo.com.br\/home\/wp-json\/wp\/v2\/comments?post=39044"}],"version-history":[{"count":1,"href":"https:\/\/goiasemtempo.com.br\/home\/wp-json\/wp\/v2\/posts\/39044\/revisions"}],"predecessor-version":[{"id":39046,"href":"https:\/\/goiasemtempo.com.br\/home\/wp-json\/wp\/v2\/posts\/39044\/revisions\/39046"}],"wp:featuredmedia":[{"embeddable":true,"href":"https:\/\/goiasemtempo.com.br\/home\/wp-json\/wp\/v2\/media\/39045"}],"wp:attachment":[{"href":"https:\/\/goiasemtempo.com.br\/home\/wp-json\/wp\/v2\/media?parent=39044"}],"wp:term":[{"taxonomy":"category","embeddable":true,"href":"https:\/\/goiasemtempo.com.br\/home\/wp-json\/wp\/v2\/categories?post=39044"},{"taxonomy":"post_tag","embeddable":true,"href":"https:\/\/goiasemtempo.com.br\/home\/wp-json\/wp\/v2\/tags?post=39044"}],"curies":[{"name":"wp","href":"https:\/\/api.w.org\/{rel}","templated":true}]}}