{"id":39016,"date":"2018-07-18T21:04:22","date_gmt":"2018-07-18T21:04:22","guid":{"rendered":"https:\/\/goiasemtempo.com.br\/home\/?p=39016"},"modified":"2018-07-18T21:04:22","modified_gmt":"2018-07-18T21:04:22","slug":"rio-araguaia-recebe-tres-mil-alevinos-nesta-quinta-feira","status":"publish","type":"post","link":"https:\/\/goiasemtempo.com.br\/home\/rio-araguaia-recebe-tres-mil-alevinos-nesta-quinta-feira\/","title":{"rendered":"Rio Araguaia recebe tr\u00eas mil alevinos nesta quinta-feira"},"content":{"rendered":"<p>O Rio Araguaia recebe nesta quinta-feira, dia 19,\u00a0 tr\u00eas mil alevinos. A soltura dos peixes rec\u00e9m sa\u00eddos do ovo ser\u00e1 em frente \u00e0 Associa\u00e7\u00e3o dos Barqueiros de Aruan\u00e3 (APA). No local, servidores da\u00a0Secima tamb\u00e9m far\u00e3o a\u00e7\u00f5es de educa\u00e7\u00e3o ambiental e distribuir\u00e3o 2.500 mudas de \u00e1rvores nativas do Cerrado para turistas e ribeirinhos.<\/p>\n<p>Estas s\u00e3o a\u00e7\u00f5es em favor da prote\u00e7\u00e3o e conserva\u00e7\u00e3o do Araguaia. Todos os anos, durante a temporada de f\u00e9rias de julho, milhares de fam\u00edlias do Estado e\u00a0 de outras localidades acampam \u00e0s margens do rio para desfrutar o contato com a natureza. Por isso, a Secima intensifica neste per\u00edodo o trabalho de educa\u00e7\u00e3o ambiental e a fiscaliza\u00e7\u00e3o nos munic\u00edpios goianos banhados pelo Araguaia.<\/p>\n<p><strong>Araguaia Limpo<\/strong><br \/>\nNo in\u00edcio deste m\u00eas, uma equipe da Secima deu in\u00edcio ao\u00a0<em>Projeto Araguaia Limpo \u2013 Temporada 2018<\/em>, abrangendo os munic\u00edpios de Aragar\u00e7as, Montes Claros de Goi\u00e1s, Jussara, Brit\u00e2nia, Aruan\u00e3, Nova Crix\u00e1s e S\u00e3o Miguel do Araguaia.<\/p>\n<p>Entre as a\u00e7\u00f5es est\u00e3o a an\u00e1lise da \u00e1gua do rio, a divulga\u00e7\u00e3o sobre as condi\u00e7\u00f5es de banho, a conscientiza\u00e7\u00e3o de turistas e moradores ribeirinhos no acondicionamento do lixo gerado e no\u00a0 recolhimento por batel\u00f5es at\u00e9 os portos das prefeituras parceiras, para destina\u00e7\u00e3o correta.<\/p>\n<p>A edi\u00e7\u00e3o 2018 do\u00a0<em>Projeto Araguaia Limpo<\/em>\u00a0come\u00e7ou no dia 3, com a sa\u00edda da equipe da Secima de Goi\u00e2nia com destino a Aragar\u00e7as, ponto inicial do percurso. As prefeituras dos sete munic\u00edpios auxiliam na distribui\u00e7\u00e3o dos sacos de lixo e no recolhimento dos res\u00edduos gerados nos acampamentos.<\/p>\n<p>Os turistas, por sua vez, s\u00e3o orientados acerca do descarte correto. Em seguida, servidores das prefeituras passam pelos locais recolhendo o lixo e levando o material para centros de triagem e aterros sanit\u00e1rios.<\/p>\n<p>Desde o in\u00edcio do projeto at\u00e9 o \u00faltimo dia 12, a equipe da Secima j\u00e1 percorreu 231 quil\u00f4metros de barco, de Aragar\u00e7as at\u00e9 Aruan\u00e3. Um total de 143 acampamentos foi visitado e 20 mil sacos de lixo foram distribu\u00eddos (5 mil em acampamentos e 15 mil para prefeituras), al\u00e9m de 800 camisetas distribu\u00eddas.<\/p>\n<p>O projeto prosseguir\u00e1 at\u00e9 o pr\u00f3ximo dia 28. A Secima desenvolve esse trabalho de conscientiza\u00e7\u00e3o nas praias do Rio Araguaia em alta temporada h\u00e1 dez anos.<\/p>\n<p>Paralelamente ao trabalho da equipe da Secima por barco, outra equipe de educa\u00e7\u00e3o ambiental est\u00e1 realizando palestras nos sete munic\u00edpios atendidos pelo programa. S\u00e3o abordados temas como recursos h\u00eddricos e a import\u00e2ncia da preserva\u00e7\u00e3o das nascentes dos rios. A fiscaliza\u00e7\u00e3o na regi\u00e3o do lado goiano do Araguaia tamb\u00e9m est\u00e1 sendo intensificada, no que se refere \u00e0 ca\u00e7a e pesca predat\u00f3rias e ao desmatamento.<\/p>\n<p><em><strong>Comunica\u00e7\u00e3o Setorial &#8211; Secima<\/strong><\/em><br \/>\nMais informa\u00e7\u00f5es: (62) 3201-5253<\/p>\n","protected":false},"excerpt":{"rendered":"<p>O Rio Araguaia recebe nesta quinta-feira, dia 19,\u00a0 tr\u00eas mil alevinos. A soltura dos peixes rec\u00e9m sa\u00eddos do ovo ser\u00e1 em frente \u00e0 Associa\u00e7\u00e3o dos Barqueiros de Aruan\u00e3 (APA). No local, servidores da\u00a0Secima tamb\u00e9m far\u00e3o a\u00e7\u00f5es de educa\u00e7\u00e3o ambiental e distribuir\u00e3o 2.500 mudas de \u00e1rvores nativas do Cerrado para turistas e ribeirinhos. Estas s\u00e3o a\u00e7\u00f5es &hellip;<\/p>\n","protected":false},"author":3,"featured_media":39017,"comment_status":"open","ping_status":"open","sticky":false,"template":"","format":"standard","meta":{"_exactmetrics_skip_tracking":false,"_exactmetrics_sitenote_active":false,"_exactmetrics_sitenote_note":"","_exactmetrics_sitenote_category":0,"footnotes":""},"categories":[15],"tags":[],"_links":{"self":[{"href":"https:\/\/goiasemtempo.com.br\/home\/wp-json\/wp\/v2\/posts\/39016"}],"collection":[{"href":"https:\/\/goiasemtempo.com.br\/home\/wp-json\/wp\/v2\/posts"}],"about":[{"href":"https:\/\/goiasemtempo.com.br\/home\/wp-json\/wp\/v2\/types\/post"}],"author":[{"embeddable":true,"href":"https:\/\/goiasemtempo.com.br\/home\/wp-json\/wp\/v2\/users\/3"}],"replies":[{"embeddable":true,"href":"https:\/\/goiasemtempo.com.br\/home\/wp-json\/wp\/v2\/comments?post=39016"}],"version-history":[{"count":1,"href":"https:\/\/goiasemtempo.com.br\/home\/wp-json\/wp\/v2\/posts\/39016\/revisions"}],"predecessor-version":[{"id":39018,"href":"https:\/\/goiasemtempo.com.br\/home\/wp-json\/wp\/v2\/posts\/39016\/revisions\/39018"}],"wp:featuredmedia":[{"embeddable":true,"href":"https:\/\/goiasemtempo.com.br\/home\/wp-json\/wp\/v2\/media\/39017"}],"wp:attachment":[{"href":"https:\/\/goiasemtempo.com.br\/home\/wp-json\/wp\/v2\/media?parent=39016"}],"wp:term":[{"taxonomy":"category","embeddable":true,"href":"https:\/\/goiasemtempo.com.br\/home\/wp-json\/wp\/v2\/categories?post=39016"},{"taxonomy":"post_tag","embeddable":true,"href":"https:\/\/goiasemtempo.com.br\/home\/wp-json\/wp\/v2\/tags?post=39016"}],"curies":[{"name":"wp","href":"https:\/\/api.w.org\/{rel}","templated":true}]}}