{"id":3898,"date":"2017-12-24T14:30:43","date_gmt":"2017-12-24T14:30:43","guid":{"rendered":"http:\/\/goiasemtempo.com.br\/home\/?p=3898"},"modified":"2017-12-24T14:30:43","modified_gmt":"2017-12-24T14:30:43","slug":"dolar-cai-em-relacao-a-euro-e-iene-2","status":"publish","type":"post","link":"https:\/\/goiasemtempo.com.br\/home\/dolar-cai-em-relacao-a-euro-e-iene-2\/","title":{"rendered":"D\u00f3lar cai em rela\u00e7\u00e3o a euro e iene"},"content":{"rendered":"<p>Nova York, 4 mai (EFE).- O d\u00f3lar se desvalorizou em rela\u00e7\u00e3o ao euro e ao iene nesta quinta-feira, ap\u00f3s a divulga\u00e7\u00e3o de diversas informa\u00e7\u00f5es macroecon\u00f4micas dos Estados Unidos de uma forte queda do petr\u00f3leo no mercado internacional.<\/p>\n<p>Ao t\u00e9rmino do preg\u00e3o nos mercados financeiros de Nova York, o euro era cotado US$ 1,0986 d\u00f3lares, valor superior aos US$ 1,0887 da sess\u00e3o de ontem.<\/p>\n<p>J\u00e1 em rela\u00e7\u00e3o \u00e0 moeda japonesa, o d\u00f3lar caiu de 112,75 para 112,46. A divisa americana tamb\u00e9m perdeu for\u00e7a no c\u00e2mbio com o franco-su\u00ed\u00e7o e a libra esterlina, mas avan\u00e7ou em rela\u00e7\u00e3o ao d\u00f3lar canadense.<\/p>\n<p>O d\u00f3lar foi afetado hoje por diversos resultados econ\u00f4micos dos EUA, como uma importante queda no n\u00famero de pedidos por seguro desemprego do pa\u00eds, mas tamb\u00e9m por uma diminui\u00e7\u00e3o da produtividade das f\u00e1bricas.<\/p>\n<p>O Petr\u00f3leo Intermedi\u00e1rio do Texas (WTI leve), de refer\u00eancia do pa\u00eds, desabou 4,8% hoje e fechou o dia cotado em US$ 45,52, n\u00edvel mais baixo nos \u00faltimos cinco meses, resultado que tamb\u00e9m afetou o desempenho da divisa americana na sess\u00e3o.<\/p>\n<p>Confira a cota\u00e7\u00e3o do d\u00f3lar em rela\u00e7\u00e3o a algumas das principais divisas internacionais:.<\/p>\n<p>MOEDA C\u00c2MBIO ANTERIOR.<\/p>\n<p>&#8212;&#8212; &#8212;&#8212; &#8212;&#8212;&#8211;.<\/p>\n<p>EURO\/D\u00d3LAR 1,0986 1,0887.<\/p>\n<p>D\u00d3LAR\/IENE 112,46 112,75.<\/p>\n<p>D\u00d3LAR\/LIBRA ESTERLINA 0,7738 0,7772.<\/p>\n<p>D\u00d3LAR\/FRANCO-SU\u00cd\u00c7O 0,9864 0,9948.<\/p>\n<p>D\u00d3LAR\/D\u00d3LAR CANADENSE 1,3749 1,3731. EFE<\/p>\n","protected":false},"excerpt":{"rendered":"<p>Nova York, 4 mai (EFE).- O d\u00f3lar se desvalorizou em rela\u00e7\u00e3o ao euro e ao iene nesta quinta-feira, ap\u00f3s a divulga\u00e7\u00e3o de diversas informa\u00e7\u00f5es macroecon\u00f4micas dos Estados Unidos de uma forte queda do petr\u00f3leo no mercado internacional. Ao t\u00e9rmino do preg\u00e3o nos mercados financeiros de Nova York, o euro era cotado US$ 1,0986 d\u00f3lares, valor &hellip;<\/p>\n","protected":false},"author":2,"featured_media":1335,"comment_status":"open","ping_status":"open","sticky":false,"template":"","format":"standard","meta":{"_exactmetrics_skip_tracking":false,"_exactmetrics_sitenote_active":false,"_exactmetrics_sitenote_note":"","_exactmetrics_sitenote_category":0,"footnotes":""},"categories":[4],"tags":[],"_links":{"self":[{"href":"https:\/\/goiasemtempo.com.br\/home\/wp-json\/wp\/v2\/posts\/3898"}],"collection":[{"href":"https:\/\/goiasemtempo.com.br\/home\/wp-json\/wp\/v2\/posts"}],"about":[{"href":"https:\/\/goiasemtempo.com.br\/home\/wp-json\/wp\/v2\/types\/post"}],"author":[{"embeddable":true,"href":"https:\/\/goiasemtempo.com.br\/home\/wp-json\/wp\/v2\/users\/2"}],"replies":[{"embeddable":true,"href":"https:\/\/goiasemtempo.com.br\/home\/wp-json\/wp\/v2\/comments?post=3898"}],"version-history":[{"count":1,"href":"https:\/\/goiasemtempo.com.br\/home\/wp-json\/wp\/v2\/posts\/3898\/revisions"}],"predecessor-version":[{"id":3899,"href":"https:\/\/goiasemtempo.com.br\/home\/wp-json\/wp\/v2\/posts\/3898\/revisions\/3899"}],"wp:featuredmedia":[{"embeddable":true,"href":"https:\/\/goiasemtempo.com.br\/home\/wp-json\/wp\/v2\/media\/1335"}],"wp:attachment":[{"href":"https:\/\/goiasemtempo.com.br\/home\/wp-json\/wp\/v2\/media?parent=3898"}],"wp:term":[{"taxonomy":"category","embeddable":true,"href":"https:\/\/goiasemtempo.com.br\/home\/wp-json\/wp\/v2\/categories?post=3898"},{"taxonomy":"post_tag","embeddable":true,"href":"https:\/\/goiasemtempo.com.br\/home\/wp-json\/wp\/v2\/tags?post=3898"}],"curies":[{"name":"wp","href":"https:\/\/api.w.org\/{rel}","templated":true}]}}