{"id":38959,"date":"2018-07-17T01:46:31","date_gmt":"2018-07-17T01:46:31","guid":{"rendered":"https:\/\/goiasemtempo.com.br\/home\/?p=38959"},"modified":"2018-07-17T01:46:31","modified_gmt":"2018-07-17T01:46:31","slug":"caminhada-ecologica-deste-ano-leva-a-bandeira-do-projeto-rodobicho","status":"publish","type":"post","link":"https:\/\/goiasemtempo.com.br\/home\/caminhada-ecologica-deste-ano-leva-a-bandeira-do-projeto-rodobicho\/","title":{"rendered":"Caminhada Ecol\u00f3gica deste ano leva a bandeira do Projeto Rodobicho"},"content":{"rendered":"<p>Nesta ter\u00e7a-feira, dia 17, inicia mais uma temporada da Caminhada Ecol\u00f3gica em Goi\u00e1s. Neste ano ser\u00e3o ao todo 310 km de percurso em 11 cidades, durante cinco dias. O grupo leva a bandeira do Projeto Rodobicho junto com a caminhada, na busca de destacar a import\u00e2ncia da proposta, que \u00e9 de minimizar o atropelamento de animais e a ocorr\u00eancia de acidentes nas rodovias estaduais.<\/p>\n<p>Os 29 atletas percorrer\u00e3o uma m\u00e9dia de 60 km por dia na 27\u00aa edi\u00e7\u00e3o da caminhada que conta com mais seguran\u00e7a devido aos servi\u00e7os de conserva\u00e7\u00e3o e manuten\u00e7\u00e3o executados\u00a0 pela Agetop nas rodovias goiana.<\/p>\n","protected":false},"excerpt":{"rendered":"<p>Nesta ter\u00e7a-feira, dia 17, inicia mais uma temporada da Caminhada Ecol\u00f3gica em Goi\u00e1s. Neste ano ser\u00e3o ao todo 310 km de percurso em 11 cidades, durante cinco dias. O grupo leva a bandeira do Projeto Rodobicho junto com a caminhada, na busca de destacar a import\u00e2ncia da proposta, que \u00e9 de minimizar o atropelamento de &hellip;<\/p>\n","protected":false},"author":3,"featured_media":38960,"comment_status":"open","ping_status":"open","sticky":false,"template":"","format":"standard","meta":{"_exactmetrics_skip_tracking":false,"_exactmetrics_sitenote_active":false,"_exactmetrics_sitenote_note":"","_exactmetrics_sitenote_category":0,"footnotes":""},"categories":[15],"tags":[],"_links":{"self":[{"href":"https:\/\/goiasemtempo.com.br\/home\/wp-json\/wp\/v2\/posts\/38959"}],"collection":[{"href":"https:\/\/goiasemtempo.com.br\/home\/wp-json\/wp\/v2\/posts"}],"about":[{"href":"https:\/\/goiasemtempo.com.br\/home\/wp-json\/wp\/v2\/types\/post"}],"author":[{"embeddable":true,"href":"https:\/\/goiasemtempo.com.br\/home\/wp-json\/wp\/v2\/users\/3"}],"replies":[{"embeddable":true,"href":"https:\/\/goiasemtempo.com.br\/home\/wp-json\/wp\/v2\/comments?post=38959"}],"version-history":[{"count":1,"href":"https:\/\/goiasemtempo.com.br\/home\/wp-json\/wp\/v2\/posts\/38959\/revisions"}],"predecessor-version":[{"id":38961,"href":"https:\/\/goiasemtempo.com.br\/home\/wp-json\/wp\/v2\/posts\/38959\/revisions\/38961"}],"wp:featuredmedia":[{"embeddable":true,"href":"https:\/\/goiasemtempo.com.br\/home\/wp-json\/wp\/v2\/media\/38960"}],"wp:attachment":[{"href":"https:\/\/goiasemtempo.com.br\/home\/wp-json\/wp\/v2\/media?parent=38959"}],"wp:term":[{"taxonomy":"category","embeddable":true,"href":"https:\/\/goiasemtempo.com.br\/home\/wp-json\/wp\/v2\/categories?post=38959"},{"taxonomy":"post_tag","embeddable":true,"href":"https:\/\/goiasemtempo.com.br\/home\/wp-json\/wp\/v2\/tags?post=38959"}],"curies":[{"name":"wp","href":"https:\/\/api.w.org\/{rel}","templated":true}]}}