{"id":38928,"date":"2018-07-15T14:43:47","date_gmt":"2018-07-15T14:43:47","guid":{"rendered":"https:\/\/goiasemtempo.com.br\/home\/?p=38928"},"modified":"2018-07-15T14:43:47","modified_gmt":"2018-07-15T14:43:47","slug":"marun-nega-atuacao-em-supostas-fraudes-no-ministerio-do-trabalho","status":"publish","type":"post","link":"https:\/\/goiasemtempo.com.br\/home\/marun-nega-atuacao-em-supostas-fraudes-no-ministerio-do-trabalho\/","title":{"rendered":"Marun nega atua\u00e7\u00e3o em supostas fraudes no Minist\u00e9rio do Trabalho"},"content":{"rendered":"<section id=\"node-1123470\" class=\"cf mb-lg container node node-conteudo politica\">\n<div class=\"cf bgWhite newsContainer\">\n<div class=\"col-lg-8 col-lg-offset-2 col-md-8 col-md-offset-2 col-sm-10 col-sm-offset-1 col-xs-12\">\n<article>O ministro da \u00a0Secretaria de Governo, Carlos Marun negou hoje (14) em nota que tenha participado de supostas\u00a0fraudes no Minist\u00e9rio do Trabalho para beneficiar sindicatos em Mato Grosso do Sul, seu reduto eleitoral. \u00a0A\u00a0informa\u00e7\u00e3o\u00a0de que o nome de Marun estaria envolvido\u00a0foi divulgada pelo\u00a0jornal<em>\u00a0Folha de S. Paulo,\u00a0<\/em>com base em um relat\u00f3rio obtido junto \u00e0 Pol\u00edcia Federal (PF), que apura irregularidades na concess\u00e3o de registros sindicais pelo Minist\u00e9rio do Trabalho.<\/p>\n<p>Por meio de nota encaminhada por sua assessoria de imprensa, o ministro afirmou n\u00e3o haver interesse pol\u00edtico uma vez que declarou, ao aceitar ser ministro, que n\u00e3o disputaria as elei\u00e7\u00f5es. \u201cNa verdade, est\u00e3o usando o fato de eu me predispor a atender com aten\u00e7\u00e3o os pleitos que me chegam de MS para tentar retaliar e enfraquecer o ministro que questiona abertamente os abusos de autoridade praticados, especialmente no inqu\u00e9rito dos Portos\u201d, diz a nota.<\/p>\n<p>A\u00a0<a href=\"http:\/\/agenciabrasil.ebc.com.br\/politica\/noticia\/2018-05\/desde-6h-policiais-cumprem-mandados-na-camara.\" target=\"_blank\" rel=\"noopener\">Opera\u00e7\u00e3o Registro Esp\u00fario<\/a>, da Pol\u00edcia Federal, \u00a0foi deflagrada h\u00e1 um ano, a partir de den\u00fancia sobre concess\u00e3o de falsos registros sindicais. Segundo a PF, foi descoberto um \u201camplo esquema de corrup\u00e7\u00e3o dentro da Secretaria de Rela\u00e7\u00f5es de Trabalho do Minist\u00e9rio do Trabalho, com suspeita de envolvimento de servidores p\u00fablicos, lobistas, advogados, dirigentes de centrais sindicais e parlamentares\u201d.<\/p>\n<p>No in\u00edcio deste m\u00eas, a terceira fase da opera\u00e7\u00e3o levou ao afastamento do ent\u00e3o ministro do Trabalho Helton Yomura, que\u00a0<a href=\"http:\/\/http\/\/agenciabrasil.ebc.com.br\/politica\/noticia\/2018-07\/temer-aceita-pedido-de-exoneracao-de-ministro-do-trabalho\" target=\"_blank\" rel=\"noopener\">pediu demiss\u00e3o do cargo<\/a>.\u00a0O novo ministro Caio Vieira de Mello, ao assumir o comando da pasta,\u00a0<a href=\"http:\/\/agenciabrasil.ebc.com.br\/politica\/noticia\/2018-07\/novo-ministro-do-trabalho-defende-atuacao-tecnica-na-pasta\" target=\"_blank\" rel=\"noopener\">suspendeu por 90 dias<\/a>\u00a0todos os procedimentos de an\u00e1lise e publica\u00e7\u00f5es relativas ao registro sindical, em portaria publicada na edi\u00e7\u00e3o do Di\u00e1rio Oficial da Uni\u00e3o da \u00faltima quinta-feira.<\/p>\n<p>Publicado em\u00a0<span class=\"txtPolitica\">14\/07\/2018 &#8211; 19:22<\/span><\/p>\n<p>Por\u00a0<span class=\"txtPolitica\">Da Ag\u00eancia Brasil\u00a0<span class=\"newsLocation\">\u00a0Bras\u00edlia<\/span><\/span><\/p>\n<div class=\"row\"><\/div>\n<\/article>\n<\/div>\n<\/div>\n<\/section>\n<div class=\"cmpBtnPanel hidden-print\">\n<div class=\"cmpGigaBanner\">\n<div class=\"row\">\n<div class=\"adbanner_superleadboard_970x90 visible-md-block visible-lg-block\">\n<div id=\"gam-holder-banner_largeletterboard\" class=\"gam-holder\">\n<div id=\"google_ads_div_banner_largeletterboard_ad_wrapper\">\n<div id=\"google_ads_div_banner_largeletterboard_ad_container\"><\/div>\n<\/div>\n<\/div>\n<\/div>\n<\/div>\n<\/div>\n<\/div>\n","protected":false},"excerpt":{"rendered":"<p>O ministro da \u00a0Secretaria de Governo, Carlos Marun negou hoje (14) em nota que tenha participado de supostas\u00a0fraudes no Minist\u00e9rio do Trabalho para beneficiar sindicatos em Mato Grosso do Sul, seu reduto eleitoral. \u00a0A\u00a0informa\u00e7\u00e3o\u00a0de que o nome de Marun estaria envolvido\u00a0foi divulgada pelo\u00a0jornal\u00a0Folha de S. Paulo,\u00a0com base em um relat\u00f3rio obtido junto \u00e0 Pol\u00edcia Federal &hellip;<\/p>\n","protected":false},"author":3,"featured_media":38929,"comment_status":"open","ping_status":"open","sticky":false,"template":"","format":"standard","meta":{"_exactmetrics_skip_tracking":false,"_exactmetrics_sitenote_active":false,"_exactmetrics_sitenote_note":"","_exactmetrics_sitenote_category":0,"footnotes":""},"categories":[2],"tags":[],"_links":{"self":[{"href":"https:\/\/goiasemtempo.com.br\/home\/wp-json\/wp\/v2\/posts\/38928"}],"collection":[{"href":"https:\/\/goiasemtempo.com.br\/home\/wp-json\/wp\/v2\/posts"}],"about":[{"href":"https:\/\/goiasemtempo.com.br\/home\/wp-json\/wp\/v2\/types\/post"}],"author":[{"embeddable":true,"href":"https:\/\/goiasemtempo.com.br\/home\/wp-json\/wp\/v2\/users\/3"}],"replies":[{"embeddable":true,"href":"https:\/\/goiasemtempo.com.br\/home\/wp-json\/wp\/v2\/comments?post=38928"}],"version-history":[{"count":1,"href":"https:\/\/goiasemtempo.com.br\/home\/wp-json\/wp\/v2\/posts\/38928\/revisions"}],"predecessor-version":[{"id":38930,"href":"https:\/\/goiasemtempo.com.br\/home\/wp-json\/wp\/v2\/posts\/38928\/revisions\/38930"}],"wp:featuredmedia":[{"embeddable":true,"href":"https:\/\/goiasemtempo.com.br\/home\/wp-json\/wp\/v2\/media\/38929"}],"wp:attachment":[{"href":"https:\/\/goiasemtempo.com.br\/home\/wp-json\/wp\/v2\/media?parent=38928"}],"wp:term":[{"taxonomy":"category","embeddable":true,"href":"https:\/\/goiasemtempo.com.br\/home\/wp-json\/wp\/v2\/categories?post=38928"},{"taxonomy":"post_tag","embeddable":true,"href":"https:\/\/goiasemtempo.com.br\/home\/wp-json\/wp\/v2\/tags?post=38928"}],"curies":[{"name":"wp","href":"https:\/\/api.w.org\/{rel}","templated":true}]}}