{"id":38883,"date":"2018-07-13T13:45:37","date_gmt":"2018-07-13T13:45:37","guid":{"rendered":"https:\/\/goiasemtempo.com.br\/home\/?p=38883"},"modified":"2018-07-13T13:45:37","modified_gmt":"2018-07-13T13:45:37","slug":"mp-investiga-demissao-em-massa-para-contratacao-de-aliados-a-igreja-de-crivella","status":"publish","type":"post","link":"https:\/\/goiasemtempo.com.br\/home\/mp-investiga-demissao-em-massa-para-contratacao-de-aliados-a-igreja-de-crivella\/","title":{"rendered":"MP investiga demiss\u00e3o em massa para contrata\u00e7\u00e3o de aliados \u00e0 igreja de Crivella"},"content":{"rendered":"<p>O Minist\u00e9rio P\u00fablico do Rio\u00a0de Janeiro\u00a0(MPRJ) investiga reclama\u00e7\u00e3o de demiss\u00e3o em massa de funcion\u00e1rios da prefeitura do Rio de Janeiro para admiss\u00e3o\u00a0de pessoas alinhadas \u00e0 igreja\u00a0da qual faz parte o prefeito Marcelo Crivella. O caso est\u00e1 sob responsabilidade da\u00a0promotora Gl\u00e1ucia Santana,\u00a0titular da 5\u00aa Promotoria de Justi\u00e7a de Tutela Coletiva da Cidadania.<\/p>\n<p>A promotoria expediu of\u00edcios para a Casa Civil e as secretarias municipais de Educa\u00e7\u00e3o, Assist\u00eancia Social, Cultura e Funda\u00e7\u00e3o Parques e Jardins solicitando informa\u00e7\u00f5es sobre os funcion\u00e1rios demitidos e admitidos para os cargos. Os cargos comissionados, entretanto,\u00a0s\u00e3o de livre nomea\u00e7\u00e3o, destacou Gl\u00e1ucia Santana.<\/p>\n<p>\u201cO\u00a0que eu posso afirmar \u00e9 que foram expedidos of\u00edcios pedindo a rela\u00e7\u00e3o de todas as pessoas exoneradas dessas pastas citadas e se isso aconteceu por um \u00fanico decreto e depois vem a sequ\u00eancia das nomea\u00e7\u00f5es, com a rela\u00e7\u00e3o dos exonerados e admitidos na atual gest\u00e3o da prefeitura\u201d, disse a promotora.<\/p>\n<p>Procurada, a prefeitura do Rio disse que est\u00e1 pedindo respostas a todas as secretarias e \u00f3rg\u00e3os citados no of\u00edcio do Minist\u00e9rio P\u00fablico, mas que as informa\u00e7\u00f5es pedidas s\u00f3 devem estar dispon\u00edveis\u00a0nesta\u00a0sexta-feira (13).<\/p>\n<p>Nesta quinta-feira (12), a\u00a0C\u00e2mara Municipal do Rio de Janeiro rejeitou, por 29 votos a 16, o pedido de abertura de\u00a0<em>impeachment\u00a0<\/em>de Marcelo Crivella, por crime de responsabilidade e improbidade administrativa. Os pedidos foram motivados por\u00a0uma reuni\u00e3o promovida pelo prefeito no Pal\u00e1cio da Cidade, sede oficial da prefeitura, no \u00faltimo dia 4, a um grupo de fi\u00e9is evang\u00e9licos, quando foram feitas promessas de atendimentos de sa\u00fade e\u00a0isen\u00e7\u00e3o de IPTU para igrejas.<\/p>\n","protected":false},"excerpt":{"rendered":"<p>O Minist\u00e9rio P\u00fablico do Rio\u00a0de Janeiro\u00a0(MPRJ) investiga reclama\u00e7\u00e3o de demiss\u00e3o em massa de funcion\u00e1rios da prefeitura do Rio de Janeiro para admiss\u00e3o\u00a0de pessoas alinhadas \u00e0 igreja\u00a0da qual faz parte o prefeito Marcelo Crivella. O caso est\u00e1 sob responsabilidade da\u00a0promotora Gl\u00e1ucia Santana,\u00a0titular da 5\u00aa Promotoria de Justi\u00e7a de Tutela Coletiva da Cidadania. A promotoria expediu of\u00edcios &hellip;<\/p>\n","protected":false},"author":3,"featured_media":38884,"comment_status":"open","ping_status":"open","sticky":false,"template":"","format":"standard","meta":{"_exactmetrics_skip_tracking":false,"_exactmetrics_sitenote_active":false,"_exactmetrics_sitenote_note":"","_exactmetrics_sitenote_category":0,"footnotes":""},"categories":[7],"tags":[],"_links":{"self":[{"href":"https:\/\/goiasemtempo.com.br\/home\/wp-json\/wp\/v2\/posts\/38883"}],"collection":[{"href":"https:\/\/goiasemtempo.com.br\/home\/wp-json\/wp\/v2\/posts"}],"about":[{"href":"https:\/\/goiasemtempo.com.br\/home\/wp-json\/wp\/v2\/types\/post"}],"author":[{"embeddable":true,"href":"https:\/\/goiasemtempo.com.br\/home\/wp-json\/wp\/v2\/users\/3"}],"replies":[{"embeddable":true,"href":"https:\/\/goiasemtempo.com.br\/home\/wp-json\/wp\/v2\/comments?post=38883"}],"version-history":[{"count":1,"href":"https:\/\/goiasemtempo.com.br\/home\/wp-json\/wp\/v2\/posts\/38883\/revisions"}],"predecessor-version":[{"id":38885,"href":"https:\/\/goiasemtempo.com.br\/home\/wp-json\/wp\/v2\/posts\/38883\/revisions\/38885"}],"wp:featuredmedia":[{"embeddable":true,"href":"https:\/\/goiasemtempo.com.br\/home\/wp-json\/wp\/v2\/media\/38884"}],"wp:attachment":[{"href":"https:\/\/goiasemtempo.com.br\/home\/wp-json\/wp\/v2\/media?parent=38883"}],"wp:term":[{"taxonomy":"category","embeddable":true,"href":"https:\/\/goiasemtempo.com.br\/home\/wp-json\/wp\/v2\/categories?post=38883"},{"taxonomy":"post_tag","embeddable":true,"href":"https:\/\/goiasemtempo.com.br\/home\/wp-json\/wp\/v2\/tags?post=38883"}],"curies":[{"name":"wp","href":"https:\/\/api.w.org\/{rel}","templated":true}]}}