{"id":3886,"date":"2017-12-24T14:26:31","date_gmt":"2017-12-24T14:26:31","guid":{"rendered":"http:\/\/goiasemtempo.com.br\/home\/?p=3886"},"modified":"2017-12-24T14:26:31","modified_gmt":"2017-12-24T14:26:31","slug":"comediante-frances-jean-rochefort-morre-aos-87-anos","status":"publish","type":"post","link":"https:\/\/goiasemtempo.com.br\/home\/comediante-frances-jean-rochefort-morre-aos-87-anos\/","title":{"rendered":"Comediante franc\u00eas Jean Rochefort morre aos 87 anos"},"content":{"rendered":"<p>Jean Rochefort, um dos atores mais populares do cinema franc\u00eas, morreu na madrugada desta segunda-feira (9), aos 87 anos &#8211; anunciou \u00e0 AFP sua filha Cl\u00e9mence.<\/p>\n<p>O ator, que havia sido hospitalizado em agosto, morreu em um estabelecimento m\u00e9dico em Paris.<\/p>\n<p>Comediante ecl\u00e9tico e apaixonado, era a encarna\u00e7\u00e3o do gentleman \u00e0 la francesa.<\/p>\n<p>Com seu grande bigode, Jean Rochefort entrar\u00e1 para a hist\u00f3ria como uma das grandes vozes da S\u00e9tima Arte francesa, com seu timbre de voz \u00fanico, grave e penetrante.<\/p>\n<p>Jean Rochefort trabalhou em cerca de 150 filmes, entre eles Fabulosas Aventuras de um Playboy (1965), Caindo no Rid\u00edculo (1996) e Ast\u00e9rix e Ob\u00e9lix: A Servi\u00e7o de sua Majestade (2012).<\/p>\n<p>Apesar de ter calcado sua fama na com\u00e9dia, encarnou v\u00e1rias vezes pap\u00e9is mais s\u00e9rios. Era um ator singular, dif\u00edcil de classificar, como dizia o cineasta Patrice Leconte, de quem se tornou ator-fetiche.<\/p>\n<p>Ap\u00f3s atuar sob a dire\u00e7\u00e3o de Fernando Trueba em O Artista e sua Modelo (2012), obra inspirada no escultor Aristide Maillol, Rochefort afirmou que deixaria o cinema, mas antes filmou, com Philippe Le Guay, Floride (2015).<\/p>\n<p>Sua longa carreira foi coroada com tr\u00eas pr\u00eamios C\u00e9sar do cinema franc\u00eas por Que la f\u00eate commence, de 1976, Le Crabe-Tambour, de 1978, e um honor\u00e1rio em 1999.<\/p>\n<p>Nascido em 29 de abril de 1930 em Paris, em uma fam\u00edlia burguesa, Jean Rochefort teve uma inf\u00e2ncia bastante chata. Deus, como me aborrecia quando crian\u00e7a, confessou uma vez.<\/p>\n<p>Seu gosto pelo teatro cresceu em particular atrav\u00e9s das transmiss\u00f5es de pe\u00e7as no r\u00e1dio. Depois da escola de teatro da Rue Blanche em Paris, entrou no Conservat\u00f3rio e iniciou sua carreira na companhia teatral Grenier-Hussenot.<\/p>\n<p>Nos palcos, construiu sua fama ao lado de Delphine Seyrig e Claude R\u00e9gy. Tinha quase 30 anos quando come\u00e7ou sua carreira no cinema.<\/p>\n<p>Partiu para a URSS, onde se casou, e permaneceu por um ano.<\/p>\n<p>Jean Rochefort tamb\u00e9m trabalhou com Michel Audiard, Pierre Salvadori, Alain Cavalier, Francis Veber, Robert Altman, entre muitos outros.<\/p>\n<p>Na vida privada, Jean Rochefort era apaixonado por cavalos: alcan\u00e7ou o n\u00edvel de competi\u00e7\u00e3o e possu\u00eda um haras em Yvelines, onde morou at\u00e9 os 80 anos.<\/p>\n<p>Sofrendo de depress\u00e3o, seu psiquiatra o aconselhou a fugir do campo.<\/p>\n<p>Depois de fugir de Paris aos 30 anos, voltei aos 80, comentava com sua mistura habitual de seriedade e humor.<\/p>\n<p>Pai de cinco filhos de tr\u00eas mulheres diferentes (Alexandra Moscwa, Nicole Garcia e Fran\u00e7oise Vidal), Jean Rochefort lamentava ter sido um pai ruim, monopolizado por sua carreira.<\/p>\n","protected":false},"excerpt":{"rendered":"<p>Jean Rochefort, um dos atores mais populares do cinema franc\u00eas, morreu na madrugada desta segunda-feira (9), aos 87 anos &#8211; anunciou \u00e0 AFP sua filha Cl\u00e9mence. O ator, que havia sido hospitalizado em agosto, morreu em um estabelecimento m\u00e9dico em Paris. Comediante ecl\u00e9tico e apaixonado, era a encarna\u00e7\u00e3o do gentleman \u00e0 la francesa. Com seu &hellip;<\/p>\n","protected":false},"author":2,"featured_media":1329,"comment_status":"open","ping_status":"open","sticky":false,"template":"","format":"standard","meta":{"footnotes":""},"categories":[4],"tags":[],"class_list":["post-3886","post","type-post","status-publish","format-standard","has-post-thumbnail","hentry","category-ultimas-noticias"],"_links":{"self":[{"href":"https:\/\/goiasemtempo.com.br\/home\/wp-json\/wp\/v2\/posts\/3886","targetHints":{"allow":["GET"]}}],"collection":[{"href":"https:\/\/goiasemtempo.com.br\/home\/wp-json\/wp\/v2\/posts"}],"about":[{"href":"https:\/\/goiasemtempo.com.br\/home\/wp-json\/wp\/v2\/types\/post"}],"author":[{"embeddable":true,"href":"https:\/\/goiasemtempo.com.br\/home\/wp-json\/wp\/v2\/users\/2"}],"replies":[{"embeddable":true,"href":"https:\/\/goiasemtempo.com.br\/home\/wp-json\/wp\/v2\/comments?post=3886"}],"version-history":[{"count":1,"href":"https:\/\/goiasemtempo.com.br\/home\/wp-json\/wp\/v2\/posts\/3886\/revisions"}],"predecessor-version":[{"id":3887,"href":"https:\/\/goiasemtempo.com.br\/home\/wp-json\/wp\/v2\/posts\/3886\/revisions\/3887"}],"wp:featuredmedia":[{"embeddable":true,"href":"https:\/\/goiasemtempo.com.br\/home\/wp-json\/wp\/v2\/media\/1329"}],"wp:attachment":[{"href":"https:\/\/goiasemtempo.com.br\/home\/wp-json\/wp\/v2\/media?parent=3886"}],"wp:term":[{"taxonomy":"category","embeddable":true,"href":"https:\/\/goiasemtempo.com.br\/home\/wp-json\/wp\/v2\/categories?post=3886"},{"taxonomy":"post_tag","embeddable":true,"href":"https:\/\/goiasemtempo.com.br\/home\/wp-json\/wp\/v2\/tags?post=3886"}],"curies":[{"name":"wp","href":"https:\/\/api.w.org\/{rel}","templated":true}]}}