{"id":38853,"date":"2018-07-12T20:35:20","date_gmt":"2018-07-12T20:35:20","guid":{"rendered":"https:\/\/goiasemtempo.com.br\/home\/?p=38853"},"modified":"2018-07-12T20:36:37","modified_gmt":"2018-07-12T20:36:37","slug":"mp-aciona-presidente-da-camara-de-rio-verde-e-mais-4-por-superfaturar-contrato-de-aluguel-de-veiculos","status":"publish","type":"post","link":"https:\/\/goiasemtempo.com.br\/home\/mp-aciona-presidente-da-camara-de-rio-verde-e-mais-4-por-superfaturar-contrato-de-aluguel-de-veiculos\/","title":{"rendered":"Presidente da C\u00e2mara de Rio Verde e mais 4 s\u00e3o acionados pelo MP por superfaturar contrato de aluguel de ve\u00edculos"},"content":{"rendered":"<p>O promotor de Justi\u00e7a M\u00e1rcio Lopes Toledo est\u00e1 acionando o presidente da C\u00e2mara de Rio Verde, Iran Cabral; o presidente da Comiss\u00e3o de Licita\u00e7\u00e3o do Legislativo municipal, Everton Lima; o controlador interno Tem\u00edstocles Cruvinel; al\u00e9m da empresa Abobr\u00e3o Locadora Ltda. e seu representante, Wilson Gouveia.<\/p>\n<p>A a\u00e7\u00e3o responsabiliza o grupo por atos de improbidade administrativa, decorrentes da assinatura de contrato emergencial entre as partes para aluguel de 29 ve\u00edculos, cujo pre\u00e7o mensal foi superfaturado, com preju\u00edzo estimado em R$ 14.500,00 por m\u00eas, o que representou at\u00e9 o m\u00eas passado, cerca de R$ 300 mil.<\/p>\n<p>O processo objetiva, de imediato, obter o bloqueio de R$ 852.635,58 dos bens dos acionados como forma de garantir o ressarcimento dos danos j\u00e1 causados, a condena\u00e7\u00e3o da empresa e seu representante pelos atos de improbidade, por terem obtido enriquecimento il\u00edcito, e do agente pol\u00edtico e dos servidores p\u00fablicos pela improbidade que causou preju\u00edzo ao er\u00e1rio.<\/p>\n<p><strong>O caso<\/strong><br \/>\nO promotor relata que, em mar\u00e7o de 2016, a C\u00e2mara firmou o Contrato Emergencial n\u00b0 17\/2016, com a empresa Abobr\u00e3o, com prazo de 90 dias, prorrog\u00e1vel por igual per\u00edodo, mas que vigorou at\u00e9 mar\u00e7o do ano seguinte, para aluguel de 29 ve\u00edculos pelo valor de R$ 2.300,00 mensais. Esse contrato, como explica M\u00e1rcio Toledo, foi realizado em raz\u00e3o da suspens\u00e3o judicial de uma licita\u00e7\u00e3o que previa a loca\u00e7\u00e3o de ve\u00edculos.<\/p>\n<p>O MP apurou, no entanto, que a empresa contratada emergencialmente apresentou or\u00e7amento e, efetivamente, cobrou valor superfaturado. Para essa contrata\u00e7\u00e3o, a comiss\u00e3o de licita\u00e7\u00e3o fez tr\u00eas cota\u00e7\u00f5es com empresas locadoras de carros, mas deixou de consultar as demais participantes da licita\u00e7\u00e3o suspensa, bem como empresas instaladas no pr\u00f3prio munic\u00edpio. O promotor alerta que a Abobr\u00e3o mant\u00e9m contrato com a C\u00e2mara desde 2010, sendo este tamb\u00e9m alvo de outra investiga\u00e7\u00e3o, tamb\u00e9m por suspeita de superfaturamento.<\/p>\n<p><em>(Cristiani Hon\u00f3rio \/ Assessoria de Comunica\u00e7\u00e3o Social do MP-GO &#8211;<\/em><\/p>\n<div id=\"compartilhamento\">\n<div class=\"addthis_toolbox addthis_default_style\">\n<div class=\"tweet_iframe_widget\"><\/div>\n<\/div>\n<\/div>\n","protected":false},"excerpt":{"rendered":"<p>O promotor de Justi\u00e7a M\u00e1rcio Lopes Toledo est\u00e1 acionando o presidente da C\u00e2mara de Rio Verde, Iran Cabral; o presidente da Comiss\u00e3o de Licita\u00e7\u00e3o do Legislativo municipal, Everton Lima; o controlador interno Tem\u00edstocles Cruvinel; al\u00e9m da empresa Abobr\u00e3o Locadora Ltda. e seu representante, Wilson Gouveia. A a\u00e7\u00e3o responsabiliza o grupo por atos de improbidade administrativa, &hellip;<\/p>\n","protected":false},"author":3,"featured_media":38854,"comment_status":"open","ping_status":"open","sticky":false,"template":"","format":"standard","meta":{"_exactmetrics_skip_tracking":false,"_exactmetrics_sitenote_active":false,"_exactmetrics_sitenote_note":"","_exactmetrics_sitenote_category":0,"footnotes":""},"categories":[7],"tags":[],"_links":{"self":[{"href":"https:\/\/goiasemtempo.com.br\/home\/wp-json\/wp\/v2\/posts\/38853"}],"collection":[{"href":"https:\/\/goiasemtempo.com.br\/home\/wp-json\/wp\/v2\/posts"}],"about":[{"href":"https:\/\/goiasemtempo.com.br\/home\/wp-json\/wp\/v2\/types\/post"}],"author":[{"embeddable":true,"href":"https:\/\/goiasemtempo.com.br\/home\/wp-json\/wp\/v2\/users\/3"}],"replies":[{"embeddable":true,"href":"https:\/\/goiasemtempo.com.br\/home\/wp-json\/wp\/v2\/comments?post=38853"}],"version-history":[{"count":2,"href":"https:\/\/goiasemtempo.com.br\/home\/wp-json\/wp\/v2\/posts\/38853\/revisions"}],"predecessor-version":[{"id":38856,"href":"https:\/\/goiasemtempo.com.br\/home\/wp-json\/wp\/v2\/posts\/38853\/revisions\/38856"}],"wp:featuredmedia":[{"embeddable":true,"href":"https:\/\/goiasemtempo.com.br\/home\/wp-json\/wp\/v2\/media\/38854"}],"wp:attachment":[{"href":"https:\/\/goiasemtempo.com.br\/home\/wp-json\/wp\/v2\/media?parent=38853"}],"wp:term":[{"taxonomy":"category","embeddable":true,"href":"https:\/\/goiasemtempo.com.br\/home\/wp-json\/wp\/v2\/categories?post=38853"},{"taxonomy":"post_tag","embeddable":true,"href":"https:\/\/goiasemtempo.com.br\/home\/wp-json\/wp\/v2\/tags?post=38853"}],"curies":[{"name":"wp","href":"https:\/\/api.w.org\/{rel}","templated":true}]}}